{"id":932,"date":"2019-09-19T21:08:22","date_gmt":"2019-09-20T00:08:22","guid":{"rendered":"http:\/\/blog.agrointeli.com.br\/?p=932"},"modified":"2022-10-10T16:42:17","modified_gmt":"2022-10-10T20:42:17","slug":"produtividade-2","status":"publish","type":"post","link":"https:\/\/blog.agrointeli.com.br\/blog\/produtividade-2\/","title":{"rendered":"6 ESTRAT\u00c9GIAS PARA AUMENTAR SUA PRODUTIVIDADE NA LAVOURA"},"content":{"rendered":"<p><span style=\"font-family: Arial, sans-serif;\"><span style=\"font-size: medium;\">Ol\u00e1 amigo produtor, a quest\u00e3o de hoje trata de como podemos aumentar nossa produ\u00e7\u00e3o sem ter de aumentar nossa \u00e1rea plantada, e a resposta \u00e9 bem simples, aumentando a produtividade, ou seja, aumentando sua produ\u00e7\u00e3o por \u00e1rea. <\/span><\/span><\/p>\n<p><span style=\"font-family: Arial, sans-serif;\"><span style=\"font-size: medium;\">Apesar de a resposta parecer t\u00e3o \u00f3bvia, \u00e9 necess\u00e1rio ficar atento a v\u00e1rias oportunidades e t\u00e9cnicas que lhe dar\u00e3o melhores condi\u00e7\u00f5es para superar esse desafio. <\/span><\/span><\/p>\n<p><span style=\"font-family: Arial, sans-serif;\"><span style=\"font-size: medium;\">Voltamos, ao nosso bate papo com uma s\u00e9rie curta, por\u00e9m de grande valia para lhe auxiliar a pontos chave no aumento da produtividade do seu campo. E como j\u00e1 \u00e9 de costume nas nossas conversas, a dividi em t\u00f3picos visando facilitar a sua leitura. Vamos l\u00e1?! <\/span><\/span><\/p>\n<p><span style=\"font-family: Arial, sans-serif;\"><span style=\"font-size: medium;\">A regulagem do adequada do maquin\u00e1rio permite desde a economia de insumos, resultando no melhor rendimento do cultivo. Portanto meus amigos n\u00e3o h\u00e1 margem para perdas na semeadura e esse ent\u00e3o ser\u00e1 o nosso foco de hoje.<\/span><\/span><\/p>\n<h2><strong>FIQUE ATENTO \u00c0 QUALIDADE DO SOLO E AO USO DE FERTILIZANTES<\/strong><\/h2>\n<p><span style=\"font-family: Arial, sans-serif;\"><span style=\"font-size: medium;\">O manejo do solo inadequado, aliado a uma baixa fertilidade do solo, constitui um dos principais fatores limitantes da produ\u00e7\u00e3o em regi\u00f5es tropicais.<\/span><\/span><\/p>\n<p><span style=\"font-family: Arial, sans-serif;\"><span style=\"font-size: medium;\">Muito al\u00e9m de um substrato, o solo \u00e9 respons\u00e1vel pelo fornecimento e manuten\u00e7\u00e3o de \u00e1gua e nutrientes ao vegetal, al\u00e9m de nele ser reciclada a mat\u00e9ria org\u00e2nica t\u00e3o importante para manuten\u00e7\u00e3o de vegetais e microfauna do solo.<\/span><\/span><\/p>\n<p><span style=\"font-family: Arial, sans-serif;\"><span style=\"font-size: medium;\">A qualidade de um solo interfere desde o crescimento radicular, absor\u00e7\u00e3o de nutrientes e desenvolvimento do vegetal por estar relacionado aos processos fotossint\u00e9ticos. Pode ainda interferir at\u00e9 mesmo na <a href=\"file:\/\/\/C:\/Users\/Mel\/Downloads\/4760-16584-1-PB.pdf\">resist\u00eancia dessas plantas a estresse h\u00eddrico<\/a><!-- file:\/\/\/C:\/Users\/Mel\/Downloads\/4760-16584-1-PB.pdf -->, conforme estudo. <\/span><\/span><\/p>\n<p><span style=\"font-family: Arial, sans-serif;\"><span style=\"font-size: medium;\">Um solo balanceado nutricionalmente impacta positivamente qualquer safra, mas para isso \u00e9 necess\u00e1rio um balan\u00e7o entre fatores f\u00edsicos, qu\u00edmicos e biol\u00f3gicos, bem como pela intera\u00e7\u00e3o entre esses fatores (FIGURA 1).<\/span><\/span><\/p>\n<h4><img decoding=\"async\" class=\"aligncenter wp-image-1402 size-full\" src=\"https:\/\/blog.agrointeli.com.br\/blog\/wp-content\/uploads\/2019\/12\/figura-1.png\" alt=\"\" width=\"340\" height=\"312\" srcset=\"https:\/\/blog.agrointeli.com.br\/blog\/wp-content\/uploads\/2019\/12\/figura-1.png 340w, https:\/\/blog.agrointeli.com.br\/blog\/wp-content\/uploads\/2019\/12\/figura-1-300x275.png 300w\" sizes=\"(max-width: 340px) 100vw, 340px\" \/><\/h4>\n<p><span style=\"font-family: Arial, sans-serif;\"><span style=\"font-size: medium;\">O uso adequado de fertilizantes n\u00e3o s\u00f3 resulta em economia de insumos e aumento de produtividade na safra, mas evita tamb\u00e9m a contamina\u00e7\u00e3o por res\u00edduos. <\/span><\/span><\/p>\n<p><span style=\"font-family: Arial, sans-serif;\"><span style=\"font-size: medium;\">Utilize sempre da an\u00e1lise de solo enviando a cada safra, amostras de solo a um laborat\u00f3rio especializado para medir a real necessidade da sua lavoura. Essas an\u00e1lises s\u00e3o r\u00e1pidas, n\u00e3o destrutivas e, realizadas por um especialista n\u00e3o ir\u00e3o onerar seus custos, ao contr\u00e1rio lhe trar\u00e3o maior seguran\u00e7a durante todo o processo. Ap\u00f3s a an\u00e1lise, procure um engenheiro agr\u00f4nomo para recomenda\u00e7\u00e3o da corre\u00e7\u00e3o adequada.<\/span><\/span><\/p>\n<p><span style=\"font-family: Arial, sans-serif;\"><span style=\"font-size: medium;\">Num pr\u00f3ximo momento conversaremos com mais detalhes sobre a an\u00e1lise da fertilidade do seu solo.<\/span><\/span><\/p>\n<p>&nbsp;<\/p>\n<h2><strong>CONTROLE PRAGAS E DOEN\u00c7AS<\/strong><\/h2>\n<p><span style=\"font-family: Arial, sans-serif;\"><span style=\"font-size: medium;\">Pragas e doen\u00e7as sempre foi um grande problema na agricultura. Causam impactos diretos na qualidade e produtividade das lavouras, que podem variar de acordo com a cultura e severidade do ataque. <\/span><\/span><\/p>\n<p><span style=\"font-family: Arial, sans-serif;\"><span style=\"font-size: medium;\">Em recente estudo do Cepea (Centro de Estudos Avan\u00e7ados em Economia Aplicada), da Esalq\/USP, sobre os impactos econ\u00f4micos gerados pelas principais pragas que atacam as planta\u00e7\u00f5es de soja, milho e algod\u00e3o no Brasil, foram consideradas perdas m\u00e9dias de produtividade variando de 9,5% a 40%, de acordo com o tipo de praga analisada e que n\u00e3o foi devidamente controlada.<\/span><\/span><\/p>\n<p><span style=\"font-family: Arial, sans-serif;\"><span style=\"font-size: medium;\">Conforme pesquisadora do centro h\u00e1 muito que fazer nessa \u00e1rea e os desafios n\u00e3o s\u00e3o convencionais como fomentar os trabalhos e a coopera\u00e7\u00e3o interdisciplinar, entre economistas, estat\u00edsticos, agr\u00f4nomos e t\u00e9cnicos agr\u00edcolas; desenvolver metodologias ajustadas para examinar o problema dos impactos das pragas; ampliar o escopo dos levantamentos de dados a campo e, principalmente, do capital humano envolvido nos sistemas produtivos.<\/span><\/span><\/p>\n<p><span style=\"font-family: Arial, sans-serif;\"><span style=\"font-size: medium;\">Nesse sentido o monitoramento desses agentes para controle efetivo aumentando a assertividade nas tomadas de decis\u00f5es e, aumentando a agilidade na resolu\u00e7\u00e3o de problemas para evitar os danos e perdas da produ\u00e7\u00e3o. <\/span><\/span><\/p>\n<p><span style=\"font-family: Arial, sans-serif;\"><span style=\"font-size: medium;\">A <a href=\"https:\/\/blogs.canalrural.uol.com.br\/embrapasoja\/2019\/03\/12\/quais-as-vantagens-na-utilizacao-do-mip-em-soja\/\" target=\"_blank\" rel=\"noopener\">Embrapa<\/a><!-- https:\/\/blogs.canalrural.uol.com.br\/embrapasoja\/2019\/03\/12\/quais-as-vantagens-na-utilizacao-do-mip-em-soja\/ --> recomenda utilizar as t\u00e9cnicas do Manejo Integrado das Pragas (MIP), por meio de estrat\u00e9gias que preservam os inimigos naturais dos insetos-praga. Aliam o controle cultural e biol\u00f3gico ao controle qu\u00edmico (agrot\u00f3xicos), quando este se faz necess\u00e1rio. No entanto o sucesso do MIP exige dedica\u00e7\u00e3o e presen\u00e7a constante do agricultor na lavoura para quantificar a ocorr\u00eancia das pragas.<\/span><\/span><\/p>\n<p><span style=\"font-family: Arial, sans-serif;\"><span style=\"font-size: medium;\">E <a href=\"http:\/\/www.agrointeli.com.br\/\">Agrointeli<\/a>\u00a0possui a ferramenta adequada para auxiliar voc\u00ea na detec\u00e7\u00e3o de danos provocados por pragas e da identifica\u00e7\u00e3o automatizada e preventiva de pragas e doen\u00e7as que permitem reduzir o impacto nas lavouras, reduzindo custo operacional e garantindo a interven\u00e7\u00e3o e decis\u00f5es certeiras. Os mapas gerados indicam a press\u00e3o da praga\/doen\u00e7a por talh\u00e3o, indicando se h\u00e1 necessidade de controle no local da infesta\u00e7\u00e3o ou em toda a lavoura. <\/span><\/span><\/p>\n<h4><img decoding=\"async\" class=\"aligncenter wp-image-2458 size-full\" src=\"https:\/\/blog.agrointeli.com.br\/blog\/wp-content\/uploads\/2019\/09\/6-ESTRAT\u00c9GIAS-PARA-AUMENTAR-SUA-PRODUTIVIDADE-NA-LAVOURA-2.png\" alt=\"\" width=\"955\" height=\"764\" \/><a href=\"http:\/\/blog.agrointeli.com.br\/wp-content\/uploads\/2019\/09\/FIGURA-2.png\"><img decoding=\"async\" class=\"aligncenter size-full wp-image-934\" src=\"http:\/\/blog.agrointeli.com.br\/wp-content\/uploads\/2019\/09\/FIGURA-2.png\" alt=\"\" width=\"955\" height=\"764\" \/><\/a><\/h4>\n<h4><a href=\"http:\/\/agrointeli.com.br\/demonstracao?utm_source=post&amp;utm_medium=blog\" target=\"_blank\" rel=\"http:\/\/agrointeli.com.br\/demonstracao?utm_source=post&amp;utm_medium=blog noopener noreferrer\"><img decoding=\"async\" class=\"aligncenter wp-image-815 size-full\" src=\"http:\/\/blog.agrointeli.com.br\/wp-content\/uploads\/2019\/05\/O-software-de-monitoramento-agr\u00edcola.png\" alt=\"\" width=\"974\" height=\"90\" \/><\/a><\/h4>\n<h2><strong>FA\u00c7A USO DE T\u00c9CNICAS DE MANEJO MAIS SUSTENT\u00c1VEIS<\/strong><\/h2>\n<p><span style=\"font-family: Arial, sans-serif;\"><span style=\"font-size: medium;\"><b>Plantio direto:<\/b> \u00e9 uma t\u00e9cnica de manejo que prop\u00f5e cobrir o solo para fazer a manuten\u00e7\u00e3o dos seus nutrientes. Palha e restos vegetais de plantas s\u00e3o mantidos na terra, prevenindo a ocorr\u00eancia de processos danosos como a eros\u00e3o e a desertifica\u00e7\u00e3o. <\/span><\/span><\/p>\n<h4><img decoding=\"async\" class=\"aligncenter wp-image-1459 size-full\" src=\"https:\/\/blog.agrointeli.com.br\/blog\/wp-content\/uploads\/2019\/12\/KKKKK.png\" alt=\"\" width=\"533\" height=\"337\" srcset=\"https:\/\/blog.agrointeli.com.br\/blog\/wp-content\/uploads\/2019\/12\/KKKKK.png 533w, https:\/\/blog.agrointeli.com.br\/blog\/wp-content\/uploads\/2019\/12\/KKKKK-300x190.png 300w, https:\/\/blog.agrointeli.com.br\/blog\/wp-content\/uploads\/2019\/12\/KKKKK-480x303.png 480w\" sizes=\"(max-width: 533px) 100vw, 533px\" \/><\/h4>\n<h4><\/h4>\n<p><span style=\"font-family: Arial, sans-serif;\"><span style=\"font-size: medium;\">Como algumas <a href=\"http:\/\/www.scielo.br\/pdf\/rca\/v47n3\/1806-6690-rca-47-03-0429.pdf\" target=\"_blank\" rel=\"noopener\">vantagens<\/a><!-- http:\/\/www.scielo.br\/pdf\/rca\/v47n3\/1806-6690-rca-47-03-0429.pdf --> o uso dessa t\u00e9cnica pode lhe trazer equil\u00edbrio t\u00e9rmico do solo, eleva\u00e7\u00e3o da quantidade de mat\u00e9ria org\u00e2nica na terra, controle de processos erosivos, aumento da produtividade e maior disponibilidade de \u00e1gua e nutrientes aos vegetais. <\/span><\/span><\/p>\n<p><span style=\"font-family: Arial, sans-serif;\"><span style=\"font-size: medium;\"><b>Rota\u00e7\u00e3o de culturas:\u00a0<\/b>consiste na altern\u00e2ncia de tempos em tempos de diferentes esp\u00e9cies vegetais em determinada \u00e1rea. A recomenda\u00e7\u00e3o \u00e9 utilizar plantas com sistemas radiculares diferentes, de modo que cada cultura deixe uma heran\u00e7a residual no solo para ser aproveitada pelo pr\u00f3ximo plantio. <\/span><\/span><\/p>\n<p><span style=\"font-family: Arial, sans-serif;\"><span style=\"font-size: medium;\">Na Figura 3 \u00e9 poss\u00edvel visualizar que o material deixado pelas culturas antecessoras \u00e9 respons\u00e1vel por reduzir a ocorr\u00eancia de plantas espont\u00e2neas ao restringir o seu acesso \u00e0 luz.<\/span><\/span><\/p>\n<h4><img decoding=\"async\" class=\"aligncenter wp-image-1391 size-full\" src=\"https:\/\/blog.agrointeli.com.br\/blog\/wp-content\/uploads\/2019\/12\/eee.png\" alt=\"\" width=\"678\" height=\"321\" srcset=\"https:\/\/blog.agrointeli.com.br\/blog\/wp-content\/uploads\/2019\/12\/eee.png 678w, https:\/\/blog.agrointeli.com.br\/blog\/wp-content\/uploads\/2019\/12\/eee-300x142.png 300w, https:\/\/blog.agrointeli.com.br\/blog\/wp-content\/uploads\/2019\/12\/eee-610x289.png 610w, https:\/\/blog.agrointeli.com.br\/blog\/wp-content\/uploads\/2019\/12\/eee-480x227.png 480w\" sizes=\"(max-width: 678px) 100vw, 678px\" \/><\/h4>\n<p><span style=\"font-family: Arial, sans-serif;\"><span style=\"font-size: medium;\">Entre as principais <a href=\"https:\/\/ainfo.cnptia.embrapa.br\/digital\/bitstream\/item\/104426\/1\/asn4.pdf\" target=\"_blank\" rel=\"noopener\">vantagens dessa t\u00e9cnica<\/a><!-- https:\/\/ainfo.cnptia.embrapa.br\/digital\/bitstream\/item\/104426\/1\/asn4.pdf --> est\u00e3o a redu\u00e7\u00e3o da incid\u00eancia de pragas, diversifica\u00e7\u00e3o da renda por dispor de novas culturas, aumento de carbono e mat\u00e9ria org\u00e2nica no solo, redu\u00e7\u00e3o do processo de eros\u00e3o, reciclagem de nutrientes no solo e, aumento da fertilidade do solo.<\/span><\/span><\/p>\n<p><span style=\"font-family: Arial, sans-serif;\"><span style=\"font-size: medium;\"><b>Integra\u00e7\u00e3o lavoura-pecu\u00e1ria-floresta (ILPF):\u00a0<\/b>integra diferentes sistemas produtivos, agr\u00edcolas, pecu\u00e1rios e florestais dentro de uma mesma \u00e1rea. Pode ser feita em cultivo consorciado, em sucess\u00e3o ou em rota\u00e7\u00e3o, de forma que haja benef\u00edcio m\u00fatuo para todas as atividades.<\/span><\/span><\/p>\n<p><span style=\"font-family: Arial, sans-serif;\"><span style=\"font-size: medium;\">Entre as muitas vantagens do ILPF podemos citar otimiza\u00e7\u00e3o e intensifica\u00e7\u00e3o da ciclagem de nutrientes no solo; melhoramento da qualidade e conserva\u00e7\u00e3o das caracter\u00edsticas produtivas do solo; melhoria do bem-estar animal em decorr\u00eancia do conforto t\u00e9rmico e melhor ambi\u00eancia; diversifica\u00e7\u00e3o da produ\u00e7\u00e3o; aumento da produ\u00e7\u00e3o de gr\u00e3os, fibras, carne, leite e produtos madeireiros e n\u00e3o madeireiros; maior efici\u00eancia de utiliza\u00e7\u00e3o de recursos naturais e, flexibilidade, que permite ser adaptado para diferentes realidades produtivas.<\/span><\/span><\/p>\n<p>&nbsp;<\/p>\n<h2><strong>UTILIZE AGRICULTURA DE PRECIS\u00c3O<\/strong><\/h2>\n<p><span style=\"font-family: Arial, sans-serif;\"><span style=\"font-size: medium;\">A agricultura de precis\u00e3o compreende um sistema de gest\u00e3o que leva em conta a variabilidade espacial da lavoura a fim de aumentar o lucro e minimizar o impacto ambiental, pelo uso de diversas ferramentas, principalmente a eletr\u00f4nica, j\u00e1 existente em v\u00e1rias m\u00e1quinas agr\u00edcolas, e sistemas de informa\u00e7\u00e3o geogr\u00e1fica.<\/span><\/span><\/p>\n<p><span style=\"font-family: Arial, sans-serif;\"><span style=\"font-size: medium;\">Por ser mais precisa evita desperd\u00edcios e age no foco exato dos poss\u00edveis problemas, por meio de estudos e armazenamento de dados, permite um melhor uso do\u00a0dos recursos f\u00edsicos, ambientais e humanos dispon\u00edveis, com as informa\u00e7\u00f5es sendo alimentadas constantemente.<\/span><\/span><\/p>\n<h4><img decoding=\"async\" class=\"aligncenter wp-image-1393 size-full\" src=\"https:\/\/blog.agrointeli.com.br\/blog\/wp-content\/uploads\/2019\/12\/EEEEEEEEEEEEEEEE555555555555.png\" alt=\"\" width=\"616\" height=\"522\" srcset=\"https:\/\/blog.agrointeli.com.br\/blog\/wp-content\/uploads\/2019\/12\/EEEEEEEEEEEEEEEE555555555555.png 616w, https:\/\/blog.agrointeli.com.br\/blog\/wp-content\/uploads\/2019\/12\/EEEEEEEEEEEEEEEE555555555555-300x254.png 300w, https:\/\/blog.agrointeli.com.br\/blog\/wp-content\/uploads\/2019\/12\/EEEEEEEEEEEEEEEE555555555555-610x517.png 610w, https:\/\/blog.agrointeli.com.br\/blog\/wp-content\/uploads\/2019\/12\/EEEEEEEEEEEEEEEE555555555555-480x407.png 480w\" sizes=\"(max-width: 616px) 100vw, 616px\" \/><\/h4>\n<p><span style=\"font-family: Arial, sans-serif;\"><span style=\"font-size: medium;\">H\u00e1 a expectativa que a AP possa ajudar na gest\u00e3o das variabilidades das propriedades e, com isso, levar o sistema produtivo agropecu\u00e1rio brasileiro a um novo patamar de sustentabilidade.<\/span><\/span><\/p>\n<p><span style=\"font-family: Arial, sans-serif;\"><span style=\"font-size: medium;\">O uso de drones e imagens de sat\u00e9lites permitem a varredura do ambiente de forma r\u00e1pida por meio de imagens de alta qualidade que permitem a identifica\u00e7\u00e3o de pragas e doen\u00e7as, permitindo ao agricultor fazer a vistoria em tempo real; sensores que detectam a quantidade certa de a que o solo precisa de adubos e as m\u00e1quinas aplicam apenas o necess\u00e1rio; e, a comunica\u00e7\u00e3o entre as m\u00e1quinas, por meio da qual as esta\u00e7\u00f5es de irriga\u00e7\u00e3o reconhecem a meteorologia s\u00e3o recursos que vem dentre tantos outros a somar para que sua lavoura seja um sucesso da instala\u00e7\u00e3o \u00e0 distribui\u00e7\u00e3o.<\/span><\/span><\/p>\n<p><span style=\"font-family: Arial, sans-serif;\"><span style=\"font-size: medium;\">\u00c9 necess\u00e1rio identificar e adaptar as tecnologias j\u00e1 dispon\u00edveis as suas demandas, seja voc\u00ea meu amigo, pequeno, m\u00e9dio ou grande produtor, colaborando para o uso eficiente e maior retorno em economia de custos e maior retorno em produtividade.<b> <\/b><\/span><\/span><\/p>\n<p><img decoding=\"async\" class=\"aligncenter wp-image-1480 size-full\" src=\"https:\/\/blog.agrointeli.com.br\/blog\/wp-content\/uploads\/2019\/12\/rola.png\" alt=\"\" width=\"512\" height=\"288\" srcset=\"https:\/\/blog.agrointeli.com.br\/blog\/wp-content\/uploads\/2019\/12\/rola.png 512w, https:\/\/blog.agrointeli.com.br\/blog\/wp-content\/uploads\/2019\/12\/rola-300x169.png 300w, https:\/\/blog.agrointeli.com.br\/blog\/wp-content\/uploads\/2019\/12\/rola-510x288.png 510w, https:\/\/blog.agrointeli.com.br\/blog\/wp-content\/uploads\/2019\/12\/rola-480x270.png 480w\" sizes=\"(max-width: 512px) 100vw, 512px\" \/><\/p>\n<h2><strong>ABUSE NO SOFTWARE PARA ACOMPANHAMENTO AGR\u00cdCOLA<\/strong><\/h2>\n<p><span style=\"font-family: Arial, sans-serif;\"><span style=\"font-size: medium;\">Na agricultura h\u00e1 softwares dispon\u00edveis para todos, (voc\u00ea leu todos mesmo) isso os processos da produ\u00e7\u00e3o, desde o controle de combust\u00edvel, controle da produ\u00e7\u00e3o, gerenciamento de plantio e colheita, bem como para otimiza\u00e7\u00e3o de produtos e relacionamento entre cooperados.<\/span><\/span><\/p>\n<p><span style=\"font-family: Arial, sans-serif;\"><span style=\"font-size: medium;\">Esses recursos propiciam a integra\u00e7\u00e3o de diversos pontos da cadeia produtiva ao mesmo tempo em que permitem a voc\u00ea agricultor o controle din\u00e2mico e em tempo real disso tudo.<\/span><\/span><\/p>\n<p><span style=\"font-family: Arial, sans-serif;\"><span style=\"font-size: medium;\">A utiliza\u00e7\u00e3o de softwares espec\u00edficos em cada \u00e1rea, capaz de precaver erros e enfatizar acertos, de forma a viabilizar e agilizar o processo final de entrega.<\/span><\/span><\/p>\n<p><span style=\"font-family: Arial, sans-serif;\"><span style=\"font-size: medium;\">H\u00e1 na internet em diversos portais de agricultura informa\u00e7\u00f5es sobre as produ\u00e7\u00f5es, bancos de dados, sobre softwares e outras ferramentas para troca de informa\u00e7\u00e3o direta. No entanto diante de tanta informa\u00e7\u00e3o \u00e9 necess\u00e1rio gerir o conhecimento em favor da inova\u00e7\u00e3o, da sustentabilidade e da vantagem competitiva. <\/span><\/span><\/p>\n<p><span style=\"font-family: Arial, sans-serif;\"><span style=\"font-size: medium;\">Para isso a <a href=\"http:\/\/agrointeli.com.br\/?utm_source=blog&amp;utm_medium=post-20-04-2019%3C%3C%3Cprodutividade2%3E%3E&amp;utm_campaign=postblog\">Agrointelli<\/a><!-- http:\/\/www.agrointeli.com.br\/ --> conta n\u00e3o s\u00f3 com um software, mas tamb\u00e9m com uma gama de outras ferramentas e equipe de excel\u00eancia prontos para transformar seus dados de campo em instrumentos inteligentes para planejamento e tomada de decis\u00f5es.<\/span><\/span><\/p>\n<p><span style=\"font-family: Arial, sans-serif;\"><span style=\"font-size: medium;\">Clique <a href=\"http:\/\/agrointeli.com.br\/demonstracao?utm_source=blog&amp;utm_medium=post-20-04-2019%3C%3C%3Cprodutividade2%3E%3E&amp;utm_campaign=postblog\">aqui<\/a><!-- http:\/\/www.agrointeli.com.br\/demonstracao\/ --> para te mostrarmos como estamos reduzindo custos e otimizando o trabalho do produtor rural. <\/span><\/span><\/p>\n<p>&nbsp;<\/p>\n<h2>ATENTE-SE A M\u00c3O-DE-OBRA QUALIFICADA<\/h2>\n<p><span style=\"font-family: Arial, sans-serif;\"><span style=\"font-size: medium;\">De pouco adianta investir no processo e nas tecnologias e deixar de lado um recurso n\u00e3o menos importante: o seu capital humano. Investir em seus colaboradores ir\u00e1 refletir no uso dessas tecnologias e consequentemente nos resultados alcan\u00e7ados. <\/span><\/span><\/p>\n<p><span style=\"font-family: Arial, sans-serif;\"><span style=\"font-size: medium;\">Promova pr\u00e1ticas que desperte em seus funcion\u00e1rios o interesse pela atividade que desenvolvem, proporcionando-lhes melhores condi\u00e7\u00f5es de sal\u00e1rio, contratos e cursos de aperfei\u00e7oamento junto \u00e0 fun\u00e7\u00e3o desempenhada.<\/span><\/span><a href=\"http:\/\/blog.agrointeli.com.br\/wp-content\/uploads\/2019\/09\/llllllllllllllllllllllll.png\"><img decoding=\"async\" class=\"aligncenter size-full wp-image-940\" src=\"http:\/\/blog.agrointeli.com.br\/wp-content\/uploads\/2019\/09\/llllllllllllllllllllllll.png\" alt=\"\" width=\"542\" height=\"357\" \/><\/a><\/p>\n<p><span style=\"font-family: Arial, sans-serif;\"><span style=\"font-size: medium;\">Trabalhadores satisfeitos produzem mais num mesmo per\u00edodo de tempo, e ainda quando esses s\u00e3o motivados se observam menores taxas de rotatividade e absente\u00edsmo. <\/span><\/span><\/p>\n<p><span style=\"font-family: Arial, sans-serif;\"><span style=\"font-size: medium;\"><b>Deseja saber mais sobre como a Agrointeli pode lhe ajudar a gerir de maneira eficaz sua produ\u00e7\u00e3o?\u00a0<\/b><\/span><\/span><strong><span style=\"font-family: Arial, sans-serif;\"><span style=\"font-size: medium;\">Clique <a href=\"http:\/\/agrointeli.com.br\/demonstracao?utm_source=blog&amp;utm_medium=post-20-04-2019%3C%3C%3Cprodutividade2%3E%3E&amp;utm_campaign=postblog\">aqui<\/a><\/span><\/span><u><\/u><span style=\"font-family: Arial, sans-serif;\"><span style=\"font-size: medium;\"> e fa\u00e7a uma demonstra\u00e7\u00e3o gratuita. <\/span><\/span><\/strong><\/p>\n<p><span style=\"font-family: Arial, sans-serif;\"><span style=\"font-size: medium;\">Gostou do nosso artigo? Compartilhe-o nas suas redes sociais, afinal de contas informa\u00e7\u00e3o \u00e9 poder e nesse caso, \u00e9 poder de decis\u00e3o. At\u00e9 o pr\u00f3ximo!<\/span><\/span><\/p>\n<h2><a href=\"https:\/\/materiais.agrointeli.com.br\/demonstracao-lp?utm_source=Blog&amp;utm_medium=Banner&amp;utm_campaign=BB\"><img decoding=\"async\" class=\"alignnone size-full wp-image-6448\" src=\"https:\/\/blog.agrointeli.com.br\/blog\/wp-content\/uploads\/2022\/07\/banner-BLOG-6k-x-1k-px-2.png\" alt=\"agrointeli\" width=\"4000\" height=\"1000\" srcset=\"https:\/\/blog.agrointeli.com.br\/blog\/wp-content\/uploads\/2022\/07\/banner-BLOG-6k-x-1k-px-2.png 4000w, https:\/\/blog.agrointeli.com.br\/blog\/wp-content\/uploads\/2022\/07\/banner-BLOG-6k-x-1k-px-2-500x125.png 500w, https:\/\/blog.agrointeli.com.br\/blog\/wp-content\/uploads\/2022\/07\/banner-BLOG-6k-x-1k-px-2-2000x500.png 2000w, https:\/\/blog.agrointeli.com.br\/blog\/wp-content\/uploads\/2022\/07\/banner-BLOG-6k-x-1k-px-2-768x192.png 768w, https:\/\/blog.agrointeli.com.br\/blog\/wp-content\/uploads\/2022\/07\/banner-BLOG-6k-x-1k-px-2-1536x384.png 1536w, https:\/\/blog.agrointeli.com.br\/blog\/wp-content\/uploads\/2022\/07\/banner-BLOG-6k-x-1k-px-2-2048x512.png 2048w, https:\/\/blog.agrointeli.com.br\/blog\/wp-content\/uploads\/2022\/07\/banner-BLOG-6k-x-1k-px-2-610x153.png 610w, https:\/\/blog.agrointeli.com.br\/blog\/wp-content\/uploads\/2022\/07\/banner-BLOG-6k-x-1k-px-2-750x188.png 750w, https:\/\/blog.agrointeli.com.br\/blog\/wp-content\/uploads\/2022\/07\/banner-BLOG-6k-x-1k-px-2-1140x285.png 1140w\" sizes=\"(max-width: 4000px) 100vw, 4000px\" \/><\/a><\/h2>\n<p>&nbsp;<\/p>\n","protected":false},"excerpt":{"rendered":"<p>Ol\u00e1 amigo produtor, a quest\u00e3o de hoje trata de como podemos aumentar nossa produ\u00e7\u00e3o sem ter de aumentar nossa \u00e1rea plantada, e a resposta \u00e9 bem simples, aumentando a produtividade, ou seja, aumentando sua produ\u00e7\u00e3o por \u00e1rea. Apesar de a resposta parecer t\u00e3o \u00f3bvia, \u00e9 necess\u00e1rio ficar atento a v\u00e1rias oportunidades e t\u00e9cnicas que lhe [&hellip;]<\/p>\n","protected":false},"author":1,"featured_media":3970,"comment_status":"open","ping_status":"closed","sticky":false,"template":"","format":"standard","meta":{"_coblocks_attr":"","_coblocks_dimensions":"","_coblocks_responsive_height":"","_coblocks_accordion_ie_support":"","_mi_skip_tracking":false,"spay_email":""},"categories":[20],"tags":[],"jetpack_featured_media_url":"https:\/\/blog.agrointeli.com.br\/blog\/wp-content\/uploads\/2019\/09\/lavoura-jacto.jpg","_links":{"self":[{"href":"https:\/\/blog.agrointeli.com.br\/blog\/wp-json\/wp\/v2\/posts\/932"}],"collection":[{"href":"https:\/\/blog.agrointeli.com.br\/blog\/wp-json\/wp\/v2\/posts"}],"about":[{"href":"https:\/\/blog.agrointeli.com.br\/blog\/wp-json\/wp\/v2\/types\/post"}],"author":[{"embeddable":true,"href":"https:\/\/blog.agrointeli.com.br\/blog\/wp-json\/wp\/v2\/users\/1"}],"replies":[{"embeddable":true,"href":"https:\/\/blog.agrointeli.com.br\/blog\/wp-json\/wp\/v2\/comments?post=932"}],"version-history":[{"count":4,"href":"https:\/\/blog.agrointeli.com.br\/blog\/wp-json\/wp\/v2\/posts\/932\/revisions"}],"predecessor-version":[{"id":6831,"href":"https:\/\/blog.agrointeli.com.br\/blog\/wp-json\/wp\/v2\/posts\/932\/revisions\/6831"}],"wp:featuredmedia":[{"embeddable":true,"href":"https:\/\/blog.agrointeli.com.br\/blog\/wp-json\/wp\/v2\/media\/3970"}],"wp:attachment":[{"href":"https:\/\/blog.agrointeli.com.br\/blog\/wp-json\/wp\/v2\/media?parent=932"}],"wp:term":[{"taxonomy":"category","embeddable":true,"href":"https:\/\/blog.agrointeli.com.br\/blog\/wp-json\/wp\/v2\/categories?post=932"},{"taxonomy":"post_tag","embeddable":true,"href":"https:\/\/blog.agrointeli.com.br\/blog\/wp-json\/wp\/v2\/tags?post=932"}],"curies":[{"name":"wp","href":"https:\/\/api.w.org\/{rel}","templated":true}]}}