{"id":6441,"date":"2022-07-15T16:01:09","date_gmt":"2022-07-15T20:01:09","guid":{"rendered":"https:\/\/blog.agrointeli.com.br\/blog\/?p=6441"},"modified":"2022-07-23T17:27:19","modified_gmt":"2022-07-23T21:27:19","slug":"conheca-a-agrointeli","status":"publish","type":"post","link":"https:\/\/blog.agrointeli.com.br\/blog\/conheca-a-agrointeli\/","title":{"rendered":"Conhe\u00e7a a Agrointeli e veja como estamos revolucionando o agroneg\u00f3cio"},"content":{"rendered":"<p style=\"text-align: justify;\"><span style=\"font-weight: 400;\">No Brasil, o agroneg\u00f3cio sempre foi o grande motor da nossa economia, com uma participa\u00e7\u00e3o de 27,4% no PIB brasileiro, segundo <\/span><a href=\"https:\/\/www.cepea.esalq.usp.br\/br\/releases\/pib-agro-cepea-pib-do-agro-cresce-8-36-em-2021-participacao-no-pib-brasileiro-chega-a-27-4.aspx\" target=\"_blank\" rel=\"noopener\"><span style=\"font-weight: 400;\">levantamento do CEPEA<\/span><\/a><span style=\"font-weight: 400;\">. Mas, por muito tempo, o \u201cachismo\u201d ainda persistia entre agricultores. E foi com o prop\u00f3sito de superar isso que, em 2017, nasceu a Agrointeli.<\/span><\/p>\n<p>&nbsp;<\/p>\n<p><img decoding=\"async\" class=\"aligncenter wp-image-6442 size-full\" src=\"https:\/\/blog.agrointeli.com.br\/blog\/wp-content\/uploads\/2022\/07\/agrointeli-1-e1657910354182.png\" alt=\"agrointeli\" width=\"577\" height=\"503\" srcset=\"https:\/\/blog.agrointeli.com.br\/blog\/wp-content\/uploads\/2022\/07\/agrointeli-1-e1657910354182.png 577w, https:\/\/blog.agrointeli.com.br\/blog\/wp-content\/uploads\/2022\/07\/agrointeli-1-e1657910354182-500x436.png 500w\" sizes=\"(max-width: 577px) 100vw, 577px\" \/><\/p>\n<p style=\"text-align: center;\"><i>Fonte<\/i><i><span style=\"font-weight: 400;\">: Agrointeli<\/span><\/i><\/p>\n<p style=\"text-align: justify;\"><span style=\"font-weight: 400;\">Com o objetivo de facilitar o entendimento dos dados, garantir a m\u00e1xima efici\u00eancia e reduzir o tempo de tomada de decis\u00e3o, a Agrointeli desenvolveu um software que est\u00e1 levando a inova\u00e7\u00e3o ao campo, substituindo o simples achismo por dados mais confi\u00e1veis.<\/span><\/p>\n<p style=\"text-align: justify;\"><span style=\"font-weight: 400;\">Mas, o agroneg\u00f3cio \u00e9 um setor extremamente din\u00e2mico e quatro anos depois a Agrointeli continua a buscar sua evolu\u00e7\u00e3o. O j\u00e1 eficiente software agr\u00edcola foi transformado em uma plataforma muito completa para o agroneg\u00f3cio, mas com a mesma ess\u00eancia.<\/span><\/p>\n<p style=\"text-align: justify;\"><span style=\"font-weight: 400;\">Conhe\u00e7a um pouco mais da hist\u00f3ria da Agrointeli e veja como estamos acompanhando a evolu\u00e7\u00e3o do agroneg\u00f3cio por meio do lan\u00e7amento de novas e funcionais ferramentas de gest\u00e3o agr\u00edcola.<\/span><\/p>\n<p>&nbsp;<\/p>\n<div id=\"blog-conheca-a-agrointeli-e-veja-como-estamos-revolucionando-o-agronegocio-34f34669d10d0a7434c9\" role=\"main\"><\/div>\n<p><script type=\"text\/javascript\" src=\"https:\/\/d335luupugsy2.cloudfront.net\/js\/rdstation-forms\/stable\/rdstation-forms.min.js\"><\/script><script type=\"text\/javascript\"> new RDStationForms('blog-conheca-a-agrointeli-e-veja-como-estamos-revolucionando-o-agronegocio-34f34669d10d0a7434c9', 'UA-160168076-1').createForm();<\/script><\/p>\n<p>&nbsp;<\/p>\n<h2><b>Agrointeli: Tudo surgiu de uma inquieta\u00e7\u00e3o<\/b><\/h2>\n<p style=\"text-align: justify;\"><span style=\"font-weight: 400;\">Lan\u00e7ada em 2017, a Agrointeli surgiu da inquieta\u00e7\u00e3o de seu fundador e CEO, Renato Borges ao ver a realidade de produtores rurais na regi\u00e3o onde ele nasceu e cresceu.<\/span><\/p>\n<p style=\"text-align: justify;\"><span style=\"font-weight: 400;\">Nascido e crescido em Campo Grande (MS), Renato conhece bem a realidade dos produtores rurais. Sua av\u00f3, por exemplo, tomava suas decis\u00f5es baseadas apenas em achismos, devido \u00e0 falta de informa\u00e7\u00e3o.<\/span><\/p>\n<p style=\"text-align: justify;\"><span style=\"font-weight: 400;\">Diante disso, como engenheiro de computa\u00e7\u00e3o com mestrado em ci\u00eancias da computa\u00e7\u00e3o, Renato tinha uma inquieta\u00e7\u00e3o e sentia que poderia tirar o produtor do \u201cbloco de notas\u201d para ter uma gest\u00e3o mais profissional do seu neg\u00f3cio. Esse foi o <\/span><i><span style=\"font-weight: 400;\">start<\/span><\/i><span style=\"font-weight: 400;\"> para a cria\u00e7\u00e3o da Agrointeli, baseada em um <\/span><a href=\"https:\/\/blog.agrointeli.com.br\/blog\/category\/software-agricola\/\"><span style=\"font-weight: 400;\">software agr\u00edcola<\/span><\/a><span style=\"font-weight: 400;\"> completo.<\/span><\/p>\n<p><a href=\"https:\/\/materiais.agrointeli.com.br\/demonstracao-lp\"><img decoding=\"async\" class=\"aligncenter wp-image-6448 size-full\" src=\"https:\/\/blog.agrointeli.com.br\/blog\/wp-content\/uploads\/2022\/07\/banner-BLOG-6k-x-1k-px-2.png\" alt=\"agrointeli\" width=\"4000\" height=\"1000\" srcset=\"https:\/\/blog.agrointeli.com.br\/blog\/wp-content\/uploads\/2022\/07\/banner-BLOG-6k-x-1k-px-2.png 4000w, https:\/\/blog.agrointeli.com.br\/blog\/wp-content\/uploads\/2022\/07\/banner-BLOG-6k-x-1k-px-2-500x125.png 500w, https:\/\/blog.agrointeli.com.br\/blog\/wp-content\/uploads\/2022\/07\/banner-BLOG-6k-x-1k-px-2-2000x500.png 2000w, https:\/\/blog.agrointeli.com.br\/blog\/wp-content\/uploads\/2022\/07\/banner-BLOG-6k-x-1k-px-2-768x192.png 768w, https:\/\/blog.agrointeli.com.br\/blog\/wp-content\/uploads\/2022\/07\/banner-BLOG-6k-x-1k-px-2-1536x384.png 1536w, https:\/\/blog.agrointeli.com.br\/blog\/wp-content\/uploads\/2022\/07\/banner-BLOG-6k-x-1k-px-2-2048x512.png 2048w, https:\/\/blog.agrointeli.com.br\/blog\/wp-content\/uploads\/2022\/07\/banner-BLOG-6k-x-1k-px-2-610x153.png 610w, https:\/\/blog.agrointeli.com.br\/blog\/wp-content\/uploads\/2022\/07\/banner-BLOG-6k-x-1k-px-2-750x188.png 750w, https:\/\/blog.agrointeli.com.br\/blog\/wp-content\/uploads\/2022\/07\/banner-BLOG-6k-x-1k-px-2-1140x285.png 1140w\" sizes=\"(max-width: 4000px) 100vw, 4000px\" \/><\/a><\/p>\n<p style=\"text-align: justify;\"><span style=\"font-weight: 400;\">O grande prop\u00f3sito da Agrointeli, desde seu surgimento, foi o de facilitar o entendimento de que os dados s\u00e3o essenciais para trazer mais efici\u00eancia aos processos e reduzir seu tempo na tomada de decis\u00e3o.<\/span><\/p>\n<p style=\"text-align: justify;\"><span style=\"font-weight: 400;\">S\u00e3o <\/span><a href=\"https:\/\/blog.agrointeli.com.br\/blog\/5-funcoes-software-agricola-agrointeli\/\"><span style=\"font-weight: 400;\">funcionalidades da Agrointeli<\/span><\/a><span style=\"font-weight: 400;\">:<\/span><\/p>\n<ol style=\"text-align: justify;\">\n<li style=\"font-weight: 400;\" aria-level=\"1\"><span style=\"font-weight: 400;\">Centralizar, integrar e organizar v\u00e1rias fontes de dados em um s\u00f3 sistema;<\/span><\/li>\n<li style=\"font-weight: 400;\" aria-level=\"1\"><span style=\"font-weight: 400;\">Faz uso de <\/span><a href=\"https:\/\/blog.agrointeli.com.br\/blog\/ndvi\/\"><span style=\"font-weight: 400;\">NDVI<\/span><\/a><span style=\"font-weight: 400;\">, auxiliando no eficiente monitoramento de pragas;<\/span><\/li>\n<li style=\"font-weight: 400;\" aria-level=\"1\"><span style=\"font-weight: 400;\">Torna a informa\u00e7\u00e3o clim\u00e1tica mais espec\u00edfica;<\/span><\/li>\n<li style=\"font-weight: 400;\" aria-level=\"1\"><span style=\"font-weight: 400;\">Uso do georreferenciamento para um monitoramento de pragas mais eficiente;<\/span><\/li>\n<li style=\"font-weight: 400;\" aria-level=\"1\"><span style=\"font-weight: 400;\">Facilitar todos os planejamentos relacionados \u00e0 atividade agr\u00edcola<\/span><\/li>\n<\/ol>\n<p style=\"text-align: justify;\"><span style=\"font-weight: 400;\">Outro exemplo que mostra a import\u00e2ncia da Agrointeli para a vida do produtor \u00e9 o depoimento de Evaldo Pereira, da Fazenda Terra Viva, sediada em Tereno\/MS. Em seu depoimento, o senhor Evaldo explica que a Agrointeli permitiu a ele substituir as intermin\u00e1veis planilhas de papel por um sistema muito mais organizado.<\/span><\/p>\n<p>&nbsp;<\/p>\n<p><iframe title=\"Evaldo Pereira - Fazenda Terra Viva - Tereno\/MS\" width=\"800\" height=\"450\" src=\"https:\/\/www.youtube.com\/embed\/jfDWLMJaSkQ?start=13&#038;feature=oembed&#038;enablejsapi=1&#038;origin=https:\/\/blog.agrointeli.com.br\" frameborder=\"0\" allow=\"accelerometer; autoplay; clipboard-write; encrypted-media; gyroscope; picture-in-picture\" allowfullscreen><\/iframe><\/p>\n<p>&nbsp;<\/p>\n<p style=\"text-align: justify;\"><span style=\"font-weight: 400;\">Dessa forma, a Agrointeli sempre foi uma geradora de intelig\u00eancia de dados, automa\u00e7\u00e3o e otimiza\u00e7\u00e3o de processos. Isso ajudou e continua ajudando os produtores a tomar as melhores decis\u00f5es, sempre na hora certa, com economia de dinheiro e de tempo.<\/span><\/p>\n<p>&nbsp;<\/p>\n<h2><b>O agro est\u00e1 passando por uma nova transforma\u00e7\u00e3o e a Agrointeli faz parte disso<\/b><\/h2>\n<p style=\"text-align: justify;\"><span style=\"font-weight: 400;\">De fato, desde sua cria\u00e7\u00e3o, a Agrointeli vem ajudando produtores de todas as regi\u00f5es a ter poder sobre seus dados e tomar melhores decis\u00f5es.<\/span><\/p>\n<p style=\"text-align: justify;\"><span style=\"font-weight: 400;\">Somente em 2020, mesmo diante da pandemia de Covid-19, a Agrointeli registrou crescimento de 500% em seus neg\u00f3cios, que come\u00e7am a ultrapassar fronteiras do Brasil, chegando a pa\u00edses como Chile e Paraguai.\u00a0<\/span><\/p>\n<p style=\"text-align: justify;\"><span style=\"font-weight: 400;\">Mas, a inquieta\u00e7\u00e3o de seus criadores continua e a Agrointeli ainda tem como grande foco ajudar ainda mais produtores rurais.<\/span><\/p>\n<p style=\"text-align: justify;\"><img decoding=\"async\" class=\"aligncenter wp-image-6443 size-full\" src=\"https:\/\/blog.agrointeli.com.br\/blog\/wp-content\/uploads\/2022\/07\/agrointeli-2.jpg\" alt=\"agrointeli\" width=\"567\" height=\"378\" srcset=\"https:\/\/blog.agrointeli.com.br\/blog\/wp-content\/uploads\/2022\/07\/agrointeli-2.jpg 567w, https:\/\/blog.agrointeli.com.br\/blog\/wp-content\/uploads\/2022\/07\/agrointeli-2-500x333.jpg 500w\" sizes=\"(max-width: 567px) 100vw, 567px\" \/><\/p>\n<p style=\"text-align: center;\"><i>Fonte<\/i><i><span style=\"font-weight: 400;\">: Agrointeli<\/span><\/i><\/p>\n<p style=\"text-align: justify;\"><span style=\"font-weight: 400;\">\u00c9 meta da Agrointeli criar o maior sistema de intelig\u00eancia artificial para o campo da Am\u00e9rica Latina e colocar a empresa definitivamente dentro da <\/span><a href=\"https:\/\/blog.agrointeli.com.br\/blog\/category\/agricultura-de-precisao\/\"><span style=\"font-weight: 400;\">agricultura de precis\u00e3o<\/span><\/a><span style=\"font-weight: 400;\"> e da <\/span><a href=\"https:\/\/blog.agrointeli.com.br\/blog\/category\/agricultura-digital\/\"><span style=\"font-weight: 400;\">agricultura digital<\/span><\/a><span style=\"font-weight: 400;\">.<\/span><\/p>\n<p style=\"text-align: justify;\"><span style=\"font-weight: 400;\">Assim, quatro anos depois, esse mesmo esp\u00edrito de inquieta\u00e7\u00e3o fez com que a Agrointeli evolu\u00edsse de um aplicativo de gest\u00e3o para uma plataforma completa voltada exclusivamente ao agroneg\u00f3cio, permitindo ao produtor gerenciar desde os processos comerciais at\u00e9 a produ\u00e7\u00e3o e entrega de produtos e servi\u00e7os.<\/span><\/p>\n<p style=\"text-align: justify;\"><span style=\"font-weight: 400;\">Tudo isso pelo simples fato de a empresa acreditar que com a tecnologia certa \u00e9 plenamente poss\u00edvel transformar todo o mercado do agroneg\u00f3cio.<\/span><\/p>\n<p style=\"text-align: justify;\"><span style=\"font-weight: 400;\">Essa \u00e9 a prova de que o agroneg\u00f3cio est\u00e1 passando por uma nova transforma\u00e7\u00e3o e se tornando muito mais tecnol\u00f3gico. E a Agrointeli est\u00e1 pronta para novamente fazer parte disso tudo!<\/span><\/p>\n<p>&nbsp;<\/p>\n<h2><b>Nova marca, novo logo, mas com a mesma ess\u00eancia<\/b><\/h2>\n<p style=\"text-align: justify;\"><span style=\"font-weight: 400;\">Com a proposta de evoluir de forma constante, a Agrointeli acaba de apresentar uma nova marca, com uma identidade e uma paleta de cores totalmente nova e moderna capaz de refletir a jornada da Agrointeli at\u00e9 aqui e que j\u00e1 adianta muito mais do que ainda est\u00e1 por vir.<\/span><\/p>\n<p style=\"text-align: justify;\"><span style=\"font-weight: 400;\">Nossa proposta \u00e9 desenvolver uma marca em movimento, que reflete a paix\u00e3o dos fundadores da empresa pela atividade em campo e tudo que ele oferece e pela tecnologia, com todas as possibilidades que ela pode agregar ao produtor rural.\u00a0<\/span><\/p>\n<p style=\"text-align: justify;\"><span style=\"font-weight: 400;\">Abaixo apresentamos o novo logotipo Agrointeli. Veja:<\/span><\/p>\n<p><img decoding=\"async\" class=\"aligncenter wp-image-6389 size-full\" src=\"https:\/\/blog.agrointeli.com.br\/blog\/wp-content\/uploads\/2021\/12\/agrointeli_horizontal_color-1.png\" alt=\"agrointeli\" width=\"2295\" height=\"539\" srcset=\"https:\/\/blog.agrointeli.com.br\/blog\/wp-content\/uploads\/2021\/12\/agrointeli_horizontal_color-1.png 2295w, https:\/\/blog.agrointeli.com.br\/blog\/wp-content\/uploads\/2021\/12\/agrointeli_horizontal_color-1-500x117.png 500w, https:\/\/blog.agrointeli.com.br\/blog\/wp-content\/uploads\/2021\/12\/agrointeli_horizontal_color-1-2000x470.png 2000w, https:\/\/blog.agrointeli.com.br\/blog\/wp-content\/uploads\/2021\/12\/agrointeli_horizontal_color-1-768x180.png 768w, https:\/\/blog.agrointeli.com.br\/blog\/wp-content\/uploads\/2021\/12\/agrointeli_horizontal_color-1-1536x361.png 1536w, https:\/\/blog.agrointeli.com.br\/blog\/wp-content\/uploads\/2021\/12\/agrointeli_horizontal_color-1-2048x481.png 2048w, https:\/\/blog.agrointeli.com.br\/blog\/wp-content\/uploads\/2021\/12\/agrointeli_horizontal_color-1-610x143.png 610w, https:\/\/blog.agrointeli.com.br\/blog\/wp-content\/uploads\/2021\/12\/agrointeli_horizontal_color-1-750x176.png 750w, https:\/\/blog.agrointeli.com.br\/blog\/wp-content\/uploads\/2021\/12\/agrointeli_horizontal_color-1-1140x268.png 1140w\" sizes=\"(max-width: 2295px) 100vw, 2295px\" \/><\/p>\n<p>&nbsp;<\/p>\n<p style=\"text-align: justify;\"><span style=\"font-weight: 400;\">Assim, com uma plataforma totalmente conectada, a Agrointeli tem como grande objetivo simplificar a vida do cliente, facilitando processos, permitindo tomada de decis\u00f5es mais \u00e1geis e gerando maiores lucros.\u00a0<\/span><\/p>\n<p style=\"text-align: justify;\"><span style=\"font-weight: 400;\">Tudo isso s\u00f3 vem sendo poss\u00edvel por meio da constante inova\u00e7\u00e3o e evolu\u00e7\u00e3o de processos tecnol\u00f3gicos, que est\u00e3o cada dia mais eficientes e inteligentes, mas sem nunca perder a ess\u00eancia Agrointeli de ser, fazer e se relacionar com o cliente.<\/span><\/p>\n<p style=\"text-align: justify;\"><span style=\"font-weight: 400;\">Mas, toda essa atualiza\u00e7\u00e3o n\u00e3o ocorreu apenas visualmente. A Agrointeli est\u00e1 tamb\u00e9m lan\u00e7ando novas ferramentas e funcionalidades que est\u00e3o facilitando a vida de produtores, consultores rurais e empresas do agroneg\u00f3cio.<\/span><\/p>\n<p>&nbsp;<\/p>\n<h2><b>Novas ferramentas para beneficiar o Agroneg\u00f3cio<\/b><\/h2>\n<p style=\"text-align: justify;\"><span style=\"font-weight: 400;\">O que j\u00e1 era muito bom e, de fato, transformava a vida do produtor\/consultor, ficou ainda melhor. Apresentamos a nova Agrointeli.<\/span><\/p>\n<p style=\"text-align: justify;\"><span style=\"font-weight: 400;\">Hoje a Agrointeli \u00e9 muito mais que um bom software agr\u00edcola, a empresa hoje tem a melhor plataforma de intelig\u00eancia comercial e gest\u00e3o agr\u00edcola, onde todas as informa\u00e7\u00f5es estar\u00e3o sempre na palma da m\u00e3o!<\/span><\/p>\n<p style=\"text-align: justify;\"><span style=\"font-weight: 400;\">A plataforma de intelig\u00eancia e gest\u00e3o agr\u00edcola da Agrointeli permite centralizar todos os dados de campo em um \u00fanico lugar. Com isso, essa \u00e9 a tecnologia mais confi\u00e1vel para o monitoramento, controle fitossanit\u00e1rio e gest\u00e3o da equipe de campo das fazendas.<\/span><\/p>\n<p style=\"text-align: justify;\"><span style=\"font-weight: 400;\">Tudo isso ajuda o agricultor a analisar dados e informa\u00e7\u00f5es, que v\u00e3o ajud\u00e1-lo a vender mais e a fidelizar seus clientes.<\/span><\/p>\n<p style=\"text-align: justify;\"><span style=\"font-weight: 400;\">Dentro desta ampla plataforma, a Agrointeli oferece solu\u00e7\u00f5es:<\/span><\/p>\n<p>&nbsp;<\/p>\n<h3 style=\"text-align: justify;\"><b>1 &#8211; Farmer \u2013 Solu\u00e7\u00e3o completa para produtores e consultores<\/b><\/h3>\n<p>&nbsp;<\/p>\n<p><img decoding=\"async\" class=\"size-medium wp-image-6444 aligncenter\" src=\"https:\/\/blog.agrointeli.com.br\/blog\/wp-content\/uploads\/2022\/07\/agrointeli-3-500x282.png\" alt=\"farmer\" width=\"500\" height=\"282\" srcset=\"https:\/\/blog.agrointeli.com.br\/blog\/wp-content\/uploads\/2022\/07\/agrointeli-3-500x282.png 500w, https:\/\/blog.agrointeli.com.br\/blog\/wp-content\/uploads\/2022\/07\/agrointeli-3-768x433.png 768w, https:\/\/blog.agrointeli.com.br\/blog\/wp-content\/uploads\/2022\/07\/agrointeli-3-610x344.png 610w, https:\/\/blog.agrointeli.com.br\/blog\/wp-content\/uploads\/2022\/07\/agrointeli-3-750x422.png 750w, https:\/\/blog.agrointeli.com.br\/blog\/wp-content\/uploads\/2022\/07\/agrointeli-3.png 838w\" sizes=\"(max-width: 500px) 100vw, 500px\" \/><\/p>\n<p style=\"text-align: justify;\"><span style=\"font-weight: 400;\">A ferramenta Farmer \u00e9 a melhor solu\u00e7\u00e3o para produtores e consultores que pretendem melhor gerenciar suas propriedades agr\u00edcolas. Com o Farmer \u00e9 poss\u00edvel:<\/span><\/p>\n<ul style=\"text-align: justify;\">\n<li style=\"font-weight: 400;\" aria-level=\"1\"><span style=\"font-weight: 400;\">Obter imagens de sat\u00e9lite para medir a sanidade das lavouras;<\/span><\/li>\n<li style=\"font-weight: 400;\" aria-level=\"1\"><span style=\"font-weight: 400;\">Realizar o monitoramento de pragas e doen\u00e7as;<\/span><\/li>\n<li style=\"font-weight: 400;\" aria-level=\"1\"><span style=\"font-weight: 400;\">Ter suporte agron\u00f4mico total;<\/span><\/li>\n<li style=\"font-weight: 400;\" aria-level=\"1\"><span style=\"font-weight: 400;\">Realizar o planejamento de atividades, evitando retrabalho e desperd\u00edcios;<\/span><\/li>\n<li style=\"font-weight: 400;\" aria-level=\"1\"><span style=\"font-weight: 400;\">Gerar relat\u00f3rios inteligentes, com informa\u00e7\u00f5es centradas e parametrizadas;<\/span><\/li>\n<li style=\"font-weight: 400;\" aria-level=\"1\"><span style=\"font-weight: 400;\">Ter informa\u00e7\u00f5es em tempo real da previs\u00e3o clim\u00e1tica<\/span><\/li>\n<\/ul>\n<p style=\"text-align: justify;\"><span style=\"font-weight: 400;\">Em resumo, com o Farmer, produtores e consultores ter\u00e3o a capacidade de detectar problemas mais rapidamente para planejar e tomar decis\u00f5es mais seguras e assertivas sobre o que acontece com o campo.<\/span><\/p>\n<p style=\"text-align: justify;\"><a href=\"https:\/\/materiais.agrointeli.com.br\/demonstracao-lp\"><img decoding=\"async\" class=\"aligncenter wp-image-6448 size-full\" src=\"https:\/\/blog.agrointeli.com.br\/blog\/wp-content\/uploads\/2022\/07\/banner-BLOG-6k-x-1k-px-2.png\" alt=\"agrointeli\" width=\"4000\" height=\"1000\" srcset=\"https:\/\/blog.agrointeli.com.br\/blog\/wp-content\/uploads\/2022\/07\/banner-BLOG-6k-x-1k-px-2.png 4000w, https:\/\/blog.agrointeli.com.br\/blog\/wp-content\/uploads\/2022\/07\/banner-BLOG-6k-x-1k-px-2-500x125.png 500w, https:\/\/blog.agrointeli.com.br\/blog\/wp-content\/uploads\/2022\/07\/banner-BLOG-6k-x-1k-px-2-2000x500.png 2000w, https:\/\/blog.agrointeli.com.br\/blog\/wp-content\/uploads\/2022\/07\/banner-BLOG-6k-x-1k-px-2-768x192.png 768w, https:\/\/blog.agrointeli.com.br\/blog\/wp-content\/uploads\/2022\/07\/banner-BLOG-6k-x-1k-px-2-1536x384.png 1536w, https:\/\/blog.agrointeli.com.br\/blog\/wp-content\/uploads\/2022\/07\/banner-BLOG-6k-x-1k-px-2-2048x512.png 2048w, https:\/\/blog.agrointeli.com.br\/blog\/wp-content\/uploads\/2022\/07\/banner-BLOG-6k-x-1k-px-2-610x153.png 610w, https:\/\/blog.agrointeli.com.br\/blog\/wp-content\/uploads\/2022\/07\/banner-BLOG-6k-x-1k-px-2-750x188.png 750w, https:\/\/blog.agrointeli.com.br\/blog\/wp-content\/uploads\/2022\/07\/banner-BLOG-6k-x-1k-px-2-1140x285.png 1140w\" sizes=\"(max-width: 4000px) 100vw, 4000px\" \/><\/a><\/p>\n<h3><\/h3>\n<h3 style=\"text-align: justify;\"><b>2 &#8211; CRM \u2013 Solu\u00e7\u00e3o completa para empresas que vendem para o agroneg\u00f3cio<\/b><\/h3>\n<p><img decoding=\"async\" class=\"aligncenter wp-image-6445 \" src=\"https:\/\/blog.agrointeli.com.br\/blog\/wp-content\/uploads\/2022\/07\/agrointeli-4.png\" alt=\"agrointeli crm\" width=\"530\" height=\"363\" srcset=\"https:\/\/blog.agrointeli.com.br\/blog\/wp-content\/uploads\/2022\/07\/agrointeli-4.png 632w, https:\/\/blog.agrointeli.com.br\/blog\/wp-content\/uploads\/2022\/07\/agrointeli-4-500x343.png 500w, https:\/\/blog.agrointeli.com.br\/blog\/wp-content\/uploads\/2022\/07\/agrointeli-4-610x418.png 610w\" sizes=\"(max-width: 530px) 100vw, 530px\" \/><\/p>\n<p style=\"text-align: justify;\"><span style=\"font-weight: 400;\">Com o prop\u00f3sito de melhorar seu relacionamento com empresas que vendem para o Agroneg\u00f3cio, a Agrointeli desenvolveu tamb\u00e9m um CRM (Customer Relationship Management), voltado exclusivamente para atender a demanda de empresas que vendem para o agroneg\u00f3cio.<\/span><\/p>\n<p style=\"text-align: justify;\"><span style=\"font-weight: 400;\">O CRM Agrointeli \u00e9 totalmente focado para a realiza\u00e7\u00e3o de vendas no agroneg\u00f3cio, sendo uma ferramenta:<\/span><\/p>\n<ul style=\"text-align: justify;\">\n<li style=\"font-weight: 400;\" aria-level=\"1\"><span style=\"font-weight: 400;\">Intuitiva e de f\u00e1cil uso;<\/span><\/li>\n<li style=\"font-weight: 400;\" aria-level=\"1\"><span style=\"font-weight: 400;\">Que permite o uso off-line de onde estiver;<\/span><\/li>\n<li style=\"font-weight: 400;\" aria-level=\"1\"><span style=\"font-weight: 400;\">Que melhora a gest\u00e3o da equipe de campo;<\/span><\/li>\n<li style=\"font-weight: 400;\" aria-level=\"1\"><span style=\"font-weight: 400;\">Capaz de gerar relat\u00f3rios personalizados de acordo com a visita a ser realizada;<\/span><\/li>\n<li style=\"font-weight: 400;\" aria-level=\"1\"><span style=\"font-weight: 400;\">Capaz de gerar indicadores de performance dos vendedores;<\/span><\/li>\n<\/ul>\n<p style=\"text-align: justify;\"><span style=\"font-weight: 400;\">Dessa forma, com o CRM Agrointeli os processos das empresas que vendem ao agroneg\u00f3cio ser\u00e3o automatizados, permitindo a otimiza\u00e7\u00e3o da gest\u00e3o da carteira de clientes, gerando intelig\u00eancia comercial e previsibilidade de vendas.<\/span><\/p>\n<p>&nbsp;<\/p>\n<h2 style=\"text-align: justify;\"><b>O Agro \u00e9 o motor da economia brasileira<\/b><\/h2>\n<p style=\"text-align: justify;\"><span style=\"font-weight: 400;\">N\u00e3o h\u00e1 d\u00favidas, o agroneg\u00f3cio \u00e9 o motor da economia brasileira, gerando renda, emprego e alimentos que s\u00e3o consumidos em boa parte do planeta. Mas, mesmo com muitos avan\u00e7os, a gest\u00e3o de muitos produtores ainda \u00e9 baseada em intermin\u00e1veis planilhas de papel.<\/span><\/p>\n<p style=\"text-align: justify;\"><span style=\"font-weight: 400;\">Com o foco de mudar isso, a Agrointeli surgiu em 2017 com a proposta de desenvolver um software agr\u00edcola destinado a gerenciar os neg\u00f3cios rurais de uma forma muito mais profissional, baseada em dados e informa\u00e7\u00f5es mais confi\u00e1veis.\u00a0<\/span><\/p>\n<p style=\"text-align: justify;\"><span style=\"font-weight: 400;\">Com isso, produtores e consultores ter\u00e3o os dados relativos \u00e0 fazenda na palma da m\u00e3o.<\/span><\/p>\n<p style=\"text-align: justify;\"><span style=\"font-weight: 400;\">Mas, o agroneg\u00f3cio \u00e9 muito din\u00e2mico e as exig\u00eancias deste mercado costumam mudar ao longo do tempo.\u00a0<\/span><\/p>\n<p style=\"text-align: justify;\"><span style=\"font-weight: 400;\">Com isso, olhando para o futuro das opera\u00e7\u00f5es \u00e0 campo, foram al\u00e9m de um software de gest\u00e3o agr\u00edcola, desenvolvendo, para isso, uma grande e completa plataforma para o agroneg\u00f3cio.<\/span><\/p>\n<p style=\"text-align: justify;\"><span style=\"font-weight: 400;\">Focada em ajudar a resolver as dores de agricultores, consultores e de empresas que vendem para o agroneg\u00f3cio, uma nova Agrointeli acabou de nascer, muito mais tecnol\u00f3gica e transformadora do agroneg\u00f3cio.<\/span><\/p>\n<p style=\"text-align: justify;\"><a href=\"https:\/\/materiais.agrointeli.com.br\/demonstracao-lp\"><img decoding=\"async\" class=\"aligncenter wp-image-6448 size-full\" src=\"https:\/\/blog.agrointeli.com.br\/blog\/wp-content\/uploads\/2022\/07\/banner-BLOG-6k-x-1k-px-2.png\" alt=\"agrointeli\" width=\"4000\" height=\"1000\" srcset=\"https:\/\/blog.agrointeli.com.br\/blog\/wp-content\/uploads\/2022\/07\/banner-BLOG-6k-x-1k-px-2.png 4000w, https:\/\/blog.agrointeli.com.br\/blog\/wp-content\/uploads\/2022\/07\/banner-BLOG-6k-x-1k-px-2-500x125.png 500w, https:\/\/blog.agrointeli.com.br\/blog\/wp-content\/uploads\/2022\/07\/banner-BLOG-6k-x-1k-px-2-2000x500.png 2000w, https:\/\/blog.agrointeli.com.br\/blog\/wp-content\/uploads\/2022\/07\/banner-BLOG-6k-x-1k-px-2-768x192.png 768w, https:\/\/blog.agrointeli.com.br\/blog\/wp-content\/uploads\/2022\/07\/banner-BLOG-6k-x-1k-px-2-1536x384.png 1536w, https:\/\/blog.agrointeli.com.br\/blog\/wp-content\/uploads\/2022\/07\/banner-BLOG-6k-x-1k-px-2-2048x512.png 2048w, https:\/\/blog.agrointeli.com.br\/blog\/wp-content\/uploads\/2022\/07\/banner-BLOG-6k-x-1k-px-2-610x153.png 610w, https:\/\/blog.agrointeli.com.br\/blog\/wp-content\/uploads\/2022\/07\/banner-BLOG-6k-x-1k-px-2-750x188.png 750w, https:\/\/blog.agrointeli.com.br\/blog\/wp-content\/uploads\/2022\/07\/banner-BLOG-6k-x-1k-px-2-1140x285.png 1140w\" sizes=\"(max-width: 4000px) 100vw, 4000px\" \/><\/a><\/p>\n","protected":false},"excerpt":{"rendered":"<p>No Brasil, o agroneg\u00f3cio sempre foi o grande motor da nossa economia, com uma participa\u00e7\u00e3o de 27,4% no PIB brasileiro, segundo levantamento do CEPEA. Mas, por muito tempo, o \u201cachismo\u201d ainda persistia entre agricultores. E foi com o prop\u00f3sito de superar isso que, em 2017, nasceu a Agrointeli. &nbsp; Fonte: Agrointeli Com o objetivo de [&hellip;]<\/p>\n","protected":false},"author":1,"featured_media":6442,"comment_status":"open","ping_status":"closed","sticky":false,"template":"","format":"standard","meta":{"_coblocks_attr":"","_coblocks_dimensions":"","_coblocks_responsive_height":"","_coblocks_accordion_ie_support":"","_mi_skip_tracking":false,"spay_email":""},"categories":[63],"tags":[73,74,76,77,75],"jetpack_featured_media_url":"https:\/\/blog.agrointeli.com.br\/blog\/wp-content\/uploads\/2022\/07\/agrointeli-1-e1657910354182.png","_links":{"self":[{"href":"https:\/\/blog.agrointeli.com.br\/blog\/wp-json\/wp\/v2\/posts\/6441"}],"collection":[{"href":"https:\/\/blog.agrointeli.com.br\/blog\/wp-json\/wp\/v2\/posts"}],"about":[{"href":"https:\/\/blog.agrointeli.com.br\/blog\/wp-json\/wp\/v2\/types\/post"}],"author":[{"embeddable":true,"href":"https:\/\/blog.agrointeli.com.br\/blog\/wp-json\/wp\/v2\/users\/1"}],"replies":[{"embeddable":true,"href":"https:\/\/blog.agrointeli.com.br\/blog\/wp-json\/wp\/v2\/comments?post=6441"}],"version-history":[{"count":5,"href":"https:\/\/blog.agrointeli.com.br\/blog\/wp-json\/wp\/v2\/posts\/6441\/revisions"}],"predecessor-version":[{"id":6453,"href":"https:\/\/blog.agrointeli.com.br\/blog\/wp-json\/wp\/v2\/posts\/6441\/revisions\/6453"}],"wp:featuredmedia":[{"embeddable":true,"href":"https:\/\/blog.agrointeli.com.br\/blog\/wp-json\/wp\/v2\/media\/6442"}],"wp:attachment":[{"href":"https:\/\/blog.agrointeli.com.br\/blog\/wp-json\/wp\/v2\/media?parent=6441"}],"wp:term":[{"taxonomy":"category","embeddable":true,"href":"https:\/\/blog.agrointeli.com.br\/blog\/wp-json\/wp\/v2\/categories?post=6441"},{"taxonomy":"post_tag","embeddable":true,"href":"https:\/\/blog.agrointeli.com.br\/blog\/wp-json\/wp\/v2\/tags?post=6441"}],"curies":[{"name":"wp","href":"https:\/\/api.w.org\/{rel}","templated":true}]}}