{"id":5967,"date":"2022-02-02T07:55:42","date_gmt":"2022-02-02T11:55:42","guid":{"rendered":"https:\/\/blog.agrointeli.com.br\/blog\/?p=5967"},"modified":"2022-02-04T14:29:42","modified_gmt":"2022-02-04T18:29:42","slug":"tendencias-para-o-agronegocio-em-2022","status":"publish","type":"post","link":"https:\/\/blog.agrointeli.com.br\/blog\/tendencias-para-o-agronegocio-em-2022\/","title":{"rendered":"As principais tend\u00eancias para o agroneg\u00f3cio em 2022"},"content":{"rendered":"<p><span style=\"font-weight: 400;\">Em 2022, o agroneg\u00f3cio brasileiro dever\u00e1 ter um crescimento de quase 5%, segundo proje\u00e7\u00f5es da Funda\u00e7\u00e3o Get\u00falio Vargas (FGV). Mas, para que essa tend\u00eancia se confirme, \u00e9 ci\u00eancia de todos que o uso da tecnologia no agroneg\u00f3cio ser\u00e1 imprescind\u00edvel para o pr\u00f3ximo ano, mesmo diante dos muitos desafios.<\/span><\/p>\n<p><span style=\"font-weight: 400;\">E com o prop\u00f3sito de discutir os desafios e as tend\u00eancias para o agroneg\u00f3cio em 2022, al\u00e9m das tend\u00eancias para o uso da tecnologia no agroneg\u00f3cio, <\/span><b>Renato Borges<\/b><span style=\"font-weight: 400;\">, Fundador &amp; CEO da Agrointeli, promoveu um <\/span><a href=\"https:\/\/www.youtube.com\/watch?v=Wk7OTEM5Lpo\" target=\"_blank\" rel=\"noopener\"><span style=\"font-weight: 400;\">bate papo virtual<\/span><\/a><span style=\"font-weight: 400;\"> com <\/span><b>Bruno Paniago<\/b><span style=\"font-weight: 400;\">, COO na <\/span><a href=\"https:\/\/www.agrointeli.com.br\/\"><span style=\"font-weight: 400;\">Agrointeli<\/span><\/a><span style=\"font-weight: 400;\">, <\/span><b>Fernando Bavaresco<\/b><span style=\"font-weight: 400;\">, Gerente de Agricultura Digital e Servi\u00e7os na <\/span><a href=\"https:\/\/www.3tentos.com.br\/\" target=\"_blank\" rel=\"noopener\"><span style=\"font-weight: 400;\">3tentos<\/span><\/a><span style=\"font-weight: 400;\"> e <\/span><b>Marcus Faria<\/b><span style=\"font-weight: 400;\">, Coordenador de projetos em agroneg\u00f3cios no <\/span><a href=\"https:\/\/www.sebrae.com.br\/sites\/PortalSebrae\/ufs\/ms?codUf=13\" target=\"_blank\" rel=\"noopener\"><span style=\"font-weight: 400;\">Sebrae\/MS<\/span><\/a><span style=\"font-weight: 400;\">.<\/span><\/p>\n<p><img decoding=\"async\" class=\"aligncenter wp-image-5974 size-full\" src=\"https:\/\/blog.agrointeli.com.br\/blog\/wp-content\/uploads\/2022\/01\/tendencias-para-o-agronegocio.png\" alt=\"tend\u00eancias para o agroneg\u00f3cio \" width=\"567\" height=\"319\" srcset=\"https:\/\/blog.agrointeli.com.br\/blog\/wp-content\/uploads\/2022\/01\/tendencias-para-o-agronegocio.png 567w, https:\/\/blog.agrointeli.com.br\/blog\/wp-content\/uploads\/2022\/01\/tendencias-para-o-agronegocio-500x281.png 500w\" sizes=\"(max-width: 567px) 100vw, 567px\" \/><\/p>\n<div id=\"as-principais-tendencias-para-o-agronegocio-em-2022-03ed7409290b4ef98611\" role=\"main\"><\/div>\n<p>&nbsp;<\/p>\n<div id=\"as-principais-tendencias-para-o-agronegocio-em-2022-03ed7409290b4ef98611\" role=\"main\"><\/div>\n<p><script type=\"text\/javascript\" src=\"https:\/\/d335luupugsy2.cloudfront.net\/js\/rdstation-forms\/stable\/rdstation-forms.min.js\" charset=\"utf-8\"><\/script><script type=\"text\/javascript\" charset=\"utf-8\"> new RDStationForms('as-principais-tendencias-para-o-agronegocio-em-2022-03ed7409290b4ef98611', 'UA-160168076-1').createForm();<\/script><\/p>\n<p><span style=\"font-weight: 400;\">Quer saber como foi a conversa? Ent\u00e3o confira os pontos principais abordados na live e entenda quais s\u00e3o as perspectivas do agro para 2022.<\/span><\/p>\n<p>&nbsp;<\/p>\n<h2><b>Tend\u00eancias no agroneg\u00f3cio para 2022: Muito otimismo, mas com certa cautela<\/b><\/h2>\n<p><span style=\"font-weight: 400;\">Renato Borges abriu a conversa virtual citando alguns n\u00fameros que v\u00e3o guiar todo o ano de 2022 do agroneg\u00f3cio brasileiro. Ele citou dados da FGV que indicam que o agroneg\u00f3cio brasileiro ter\u00e1 um crescimento de 5% at\u00e9 o final do ano (como visto no gr\u00e1fico abaixo). J\u00e1 a safra de gr\u00e3os tem expectativas de atingir volume recorde, com 289,8 milh\u00f5es de toneladas.<\/span><\/p>\n<p><img decoding=\"async\" class=\"aligncenter wp-image-5968 size-full\" src=\"https:\/\/blog.agrointeli.com.br\/blog\/wp-content\/uploads\/2022\/01\/tendencias-para-o-agronegocio-1.jpg\" alt=\"tend\u00eancias para o agroneg\u00f3cio \" width=\"567\" height=\"173\" srcset=\"https:\/\/blog.agrointeli.com.br\/blog\/wp-content\/uploads\/2022\/01\/tendencias-para-o-agronegocio-1.jpg 567w, https:\/\/blog.agrointeli.com.br\/blog\/wp-content\/uploads\/2022\/01\/tendencias-para-o-agronegocio-1-500x153.jpg 500w\" sizes=\"(max-width: 567px) 100vw, 567px\" \/><\/p>\n<p style=\"text-align: center;\"><em>Fonte: <a href=\"https:\/\/www.aviculturaindustrial.com.br\/imprensa\/avanco-do-agronegocio-vai-desacelerar-em-2022-segundo-cna\/20211209-085320-k806\" target=\"_blank\" rel=\"noopener\"><i>aviculturaindustrial<\/i><\/a><\/em><\/p>\n<p><span style=\"font-weight: 400;\">\u201c<\/span><i><span style=\"font-weight: 400;\">A expectativa para 2022 \u00e9 bastante otimista, indicando na produ\u00e7\u00e3o de gr\u00e3os um crescimento de 14% maior que o ano anterior, mostrando o constante crescimento do setor. Com isso, a chance de o agroneg\u00f3cio abocanhar mais uma parcela do PIB brasileiro \u00e9 muito grande<\/span><\/i><span style=\"font-weight: 400;\">\u201d, indicou Renato.<\/span><\/p>\n<p><span style=\"font-weight: 400;\">Dentro desta expectativa, Marcus Faria ressaltou que o Sebrae\/MS, por ser um \u00f3rg\u00e3o de fomento, acompanha o mercado do agro constantemente para balizar suas a\u00e7\u00f5es e projetos e, para o \u00f3rg\u00e3o, as tend\u00eancias para o agroneg\u00f3cio em 2022 s\u00e3o otimistas, mas \u00e9 preciso ter cautela.<\/span><\/p>\n<p><span style=\"font-weight: 400;\">\u201c<\/span><i><span style=\"font-weight: 400;\">As expectativas de crescimento para o agroneg\u00f3cio em 2022 s\u00e3o otimistas e podem at\u00e9 serem maiores que as tend\u00eancias que se apresentam, mas n\u00e3o podemos nos esquecer que ainda estamos dentro dos reflexos da pandemia, que trouxe uma s\u00e9rie de situa\u00e7\u00f5es ao mercado<\/span><\/i><span style=\"font-weight: 400;\">\u201d.<\/span><\/p>\n<p><span style=\"font-weight: 400;\">Marcus Faria ressaltou que, mesmo com a pandemia, o ano de 2021 para o agroneg\u00f3cio foi excelente, elevando as proje\u00e7\u00f5es para 2022. \u201c<\/span><i><span style=\"font-weight: 400;\">Tivemos um 2021 com \u00f3timas safras, com exporta\u00e7\u00f5es excelentes, super\u00e1vit recorde e elevados pre\u00e7os de commodities e juros baixos. Mas toda essa euforia para 2022 precisa ser ponderada com uma certa cautela<\/span><\/i><span style=\"font-weight: 400;\">\u201d.<\/span><\/p>\n<p><span style=\"font-weight: 400;\">O Coordenador de projetos em agroneg\u00f3cios no Sebrae\/MS ressaltou que, a partir do segundo semestre, h\u00e1 uma perspectiva de desacelera\u00e7\u00e3o da demanda por algumas raz\u00f5es. \u201c<\/span><i><span style=\"font-weight: 400;\">Algumas not\u00edcias mostram que teremos ajustes de pre\u00e7os de insumos, fretes elevados e taxas de juros mais elevadas<\/span><\/i><span style=\"font-weight: 400;\">\u201d, ressaltou.<\/span><\/p>\n<p><a href=\"https:\/\/materiais.agrointeli.com.br\/demonstracao-lp?utm_source=blog&amp;utm_medium=banner&amp;utm_campaign=LP\"><img decoding=\"async\" class=\"aligncenter wp-image-5978 size-full\" src=\"https:\/\/blog.agrointeli.com.br\/blog\/wp-content\/uploads\/2022\/01\/banner-BLOG-6k-x-1k-px_LE.png\" alt=\"\" width=\"4000\" height=\"1000\" srcset=\"https:\/\/blog.agrointeli.com.br\/blog\/wp-content\/uploads\/2022\/01\/banner-BLOG-6k-x-1k-px_LE.png 4000w, https:\/\/blog.agrointeli.com.br\/blog\/wp-content\/uploads\/2022\/01\/banner-BLOG-6k-x-1k-px_LE-500x125.png 500w, https:\/\/blog.agrointeli.com.br\/blog\/wp-content\/uploads\/2022\/01\/banner-BLOG-6k-x-1k-px_LE-2000x500.png 2000w, https:\/\/blog.agrointeli.com.br\/blog\/wp-content\/uploads\/2022\/01\/banner-BLOG-6k-x-1k-px_LE-768x192.png 768w, https:\/\/blog.agrointeli.com.br\/blog\/wp-content\/uploads\/2022\/01\/banner-BLOG-6k-x-1k-px_LE-1536x384.png 1536w, https:\/\/blog.agrointeli.com.br\/blog\/wp-content\/uploads\/2022\/01\/banner-BLOG-6k-x-1k-px_LE-2048x512.png 2048w, https:\/\/blog.agrointeli.com.br\/blog\/wp-content\/uploads\/2022\/01\/banner-BLOG-6k-x-1k-px_LE-610x153.png 610w, https:\/\/blog.agrointeli.com.br\/blog\/wp-content\/uploads\/2022\/01\/banner-BLOG-6k-x-1k-px_LE-750x188.png 750w, https:\/\/blog.agrointeli.com.br\/blog\/wp-content\/uploads\/2022\/01\/banner-BLOG-6k-x-1k-px_LE-1140x285.png 1140w\" sizes=\"(max-width: 4000px) 100vw, 4000px\" \/><\/a><\/p>\n<p><span style=\"font-weight: 400;\">Diante de tudo isso, Marcus Faria acredita que, nas tend\u00eancias para o agroneg\u00f3cio, teremos um ano de alta volatilidade, com pontos positivos e negativos, al\u00e9m de muitos desafios e oportunidades pela frente. \u201c<\/span><i><span style=\"font-weight: 400;\">Precisamos ter cautela, mas as tend\u00eancias para o agroneg\u00f3cio indicam que teremos ainda um ano muito bom<\/span><\/i><span style=\"font-weight: 400;\">\u201d.<\/span><\/p>\n<p><span style=\"font-weight: 400;\">J\u00e1 Fernando Bavaresco, da 3tentos, come\u00e7ou sua abordagem sobre o tema explicando que o produtor do agro est\u00e1 no \u201cmelhor neg\u00f3cio do mundo\u201d. Ele explica que o agricultor sempre espera crescimento, a \u00fanica d\u00favida \u00e9: Quanto o agroneg\u00f3cio brasileiro vai crescer?<\/span><\/p>\n<p><span style=\"font-weight: 400;\">\u201c<\/span><i><span style=\"font-weight: 400;\">O hist\u00f3rico do agroneg\u00f3cio brasileiro mostra que o setor se fundamenta pela eleva\u00e7\u00e3o da produtividade como um todo e n\u00e3o apenas pela eleva\u00e7\u00e3o da \u00e1rea, indicando uma verticaliza\u00e7\u00e3o da produ\u00e7\u00e3o<\/span><\/i><span style=\"font-weight: 400;\">\u201d, explicou Bavaresco.<\/span><\/p>\n<p><span style=\"font-weight: 400;\">Diante disso, o Gerente de Agricultura Digital e Servi\u00e7os na 3tentos tamb\u00e9m concorda que se vislumbra um belo ano para o agroneg\u00f3cio, com muitas oportunidades pela frente. Mas ele salientou que tamb\u00e9m teremos um 2022 com alguns desafios, tais como problemas log\u00edsticos e de infraestrutura, tais como estradas em m\u00e1s condi\u00e7\u00f5es e portos sem estrutura.<\/span><\/p>\n<p><img decoding=\"async\" class=\"aligncenter wp-image-5969 size-full\" src=\"https:\/\/blog.agrointeli.com.br\/blog\/wp-content\/uploads\/2022\/01\/tendencias-para-o-agronegocio-2.jpg\" alt=\"tend\u00eancias para o agroneg\u00f3cio \" width=\"563\" height=\"417\" srcset=\"https:\/\/blog.agrointeli.com.br\/blog\/wp-content\/uploads\/2022\/01\/tendencias-para-o-agronegocio-2.jpg 563w, https:\/\/blog.agrointeli.com.br\/blog\/wp-content\/uploads\/2022\/01\/tendencias-para-o-agronegocio-2-500x370.jpg 500w\" sizes=\"(max-width: 563px) 100vw, 563px\" \/><\/p>\n<p style=\"text-align: center;\"><em>Fonte: <a href=\"https:\/\/vocevaientender.com\/2015\/06\/04\/estrada-esburacada\/\" target=\"_blank\" rel=\"noopener\">vocevaientender<\/a><\/em><\/p>\n<p><span style=\"font-weight: 400;\">\u201c<\/span><i><span style=\"font-weight: 400;\">Os problemas log\u00edsticos e de infraestrutura j\u00e1 s\u00e3o bem conhecidos por n\u00f3s e dever\u00e3o ser enfrentados. Mas temos tamb\u00e9m muita tecnologia e conhecimento gerados, como cultivares mais adaptados, manejos mais eficazes e processos de gest\u00e3o mais assertivos, ou seja, temos desafios e inova\u00e7\u00f5es em um mesmo ambiente<\/span><\/i><span style=\"font-weight: 400;\">\u201d.<\/span><\/p>\n<p><span style=\"font-weight: 400;\">Como forma de ajudar o produtor neste cen\u00e1rio, Fernando Bavaresco explicou que a 3tentos tem seu modelo de acesso baseado em assist\u00eancia t\u00e9cnica, levando conhecimento ao produtor e permitindo que ele fa\u00e7a o simples bem feito. \u201c<\/span><i><span style=\"font-weight: 400;\">A agricultura significa fazer o simples bem feito e n\u00f3s acreditamos muito nisso<\/span><\/i><span style=\"font-weight: 400;\">\u201d.<\/span><\/p>\n<p>&nbsp;<\/p>\n<h2><b>Detalhes dos sistemas de produ\u00e7\u00e3o ser\u00e3o fundamentais em 2022<\/b><\/h2>\n<p><span style=\"font-weight: 400;\">Seguindo a mesma linha anteriormente citada, Bruno Paniago explicou que o agroneg\u00f3cio brasileiro \u00e9 muito desafiador e altamente competitivo a n\u00edvel nacional e internacional. Exatamente por isso, ele ressaltou que cabe \u00e0s empresas de tecnologia reconhecer as oportunidades e levar tecnologia e inova\u00e7\u00e3o para os atores desta gigantesca cadeia.<\/span><\/p>\n<p><span style=\"font-weight: 400;\">\u201c<\/span><i><span style=\"font-weight: 400;\">Estamos falando de um mercado com mais de 70 milh\u00f5es de hectares apenas com produ\u00e7\u00e3o de gr\u00e3os e isso \u00e9 uma excelente oportunidade para atuar visando aumento da produtividade via uma grande variedade de tecnologias, desde o plantio at\u00e9 a colheita<\/span><\/i><span style=\"font-weight: 400;\">\u201d, disse.<\/span><\/p>\n<p><span style=\"font-weight: 400;\">Assim como Marcus Faria e Fernando Bavaresco, Bruno Paniago tamb\u00e9m concorda que as estimativas s\u00e3o muito boas com fortes tend\u00eancias para o agroneg\u00f3cio em 2022. Mas mesmo com essa onda de otimismo, ele indica ser fundamental come\u00e7ar a pensar nos detalhes. \u201c<\/span><i><span style=\"font-weight: 400;\">O macro, todo mundo j\u00e1 sabe como funciona e como agir, mas chegou a hora de se preocupar com os detalhes!<\/span><\/i><span style=\"font-weight: 400;\">\u201d.<\/span><\/p>\n<p><span style=\"font-weight: 400;\">Paniago explica que quando falamos em detalhes, estamos falando necessariamente na coleta de dados e em uma <\/span><a href=\"https:\/\/blog.agrointeli.com.br\/blog\/agricultura-digital\/\"><span style=\"font-weight: 400;\">plataforma <\/span><\/a><span style=\"font-weight: 400;\">que organiza esses dados de uma forma mais r\u00e1pida e eficiente.\u00a0<\/span><\/p>\n<p><img decoding=\"async\" class=\"aligncenter wp-image-5970 size-full\" src=\"https:\/\/blog.agrointeli.com.br\/blog\/wp-content\/uploads\/2022\/01\/tendencias-para-o-agronegocio-3.png\" alt=\"tend\u00eancias para o agroneg\u00f3cio\" width=\"567\" height=\"378\" srcset=\"https:\/\/blog.agrointeli.com.br\/blog\/wp-content\/uploads\/2022\/01\/tendencias-para-o-agronegocio-3.png 567w, https:\/\/blog.agrointeli.com.br\/blog\/wp-content\/uploads\/2022\/01\/tendencias-para-o-agronegocio-3-500x333.png 500w\" sizes=\"(max-width: 567px) 100vw, 567px\" \/><\/p>\n<p style=\"text-align: center;\"><em>Fonte: <a href=\"https:\/\/www.sitiopema.com.br\/o-que-e-agricultura-de-precisao-em-pequenas-propriedades\/\" target=\"_blank\" rel=\"noopener\">sitiopema<\/a><\/em><\/p>\n<p><span style=\"font-weight: 400;\">\u201c<\/span><i><span style=\"font-weight: 400;\">A quarta evolu\u00e7\u00e3o do agroneg\u00f3cio \u00e9 baseada na coleta, armazenamento e principalmente na an\u00e1lise dos dados. A partir deles, o produtor pode tomar melhores decis\u00f5es. Essa \u00e9 a prova de que est\u00e1 mais do que na hora de n\u00f3s nos preocuparmos com os detalhes e esse \u00e9 um dos objetivos da <\/span><\/i><a href=\"https:\/\/agrointeli.com.br\/\"><i><span style=\"font-weight: 400;\">Agrointeli<\/span><\/i><\/a><i><span style=\"font-weight: 400;\">, ajudando com todas as opera\u00e7\u00f5es de campo<\/span><\/i><span style=\"font-weight: 400;\">\u201d.<\/span><\/p>\n<p>&nbsp;<\/p>\n<h2><b>Tend\u00eancias em tecnologia no agroneg\u00f3cio: o que esperar para 2022?<\/b><\/h2>\n<p><span style=\"font-weight: 400;\">Mesmo com significativa evolu\u00e7\u00e3o na \u00faltima d\u00e9cada, o agroneg\u00f3cio brasileiro ainda \u00e9, dentre os muitos setores da sociedade, o menos digital. Exatamente por isso, quem come\u00e7ar na \u00e1rea antes, ter\u00e1 melhores resultados tamb\u00e9m de forma antecipada, essa \u00e9 uma das tend\u00eancias para o agroneg\u00f3cio.<\/span><\/p>\n<p><span style=\"font-weight: 400;\">E, segundo Bruno Paniago, o custo de produ\u00e7\u00e3o e as varia\u00e7\u00f5es do clima s\u00e3o grandes desafios que a <\/span><a href=\"https:\/\/blog.agrointeli.com.br\/blog\/5-tecnologias-na-agricultura\/\"><span style=\"font-weight: 400;\">tecnologia<\/span><\/a><span style=\"font-weight: 400;\"> ter\u00e1 que contribuir e ajudar a monitorar. Mas, al\u00e9m disso tudo, o COO na Agrointeli diz que o grande desafio ainda \u00e9 a gest\u00e3o.<\/span><\/p>\n<p><img decoding=\"async\" class=\"aligncenter wp-image-5971 size-full\" src=\"https:\/\/blog.agrointeli.com.br\/blog\/wp-content\/uploads\/2022\/01\/tendencias-para-o-agronegocio-4.jpg\" alt=\"tend\u00eancias para o agroneg\u00f3cio\" width=\"567\" height=\"270\" srcset=\"https:\/\/blog.agrointeli.com.br\/blog\/wp-content\/uploads\/2022\/01\/tendencias-para-o-agronegocio-4.jpg 567w, https:\/\/blog.agrointeli.com.br\/blog\/wp-content\/uploads\/2022\/01\/tendencias-para-o-agronegocio-4-500x238.jpg 500w\" sizes=\"(max-width: 567px) 100vw, 567px\" \/><\/p>\n<p style=\"text-align: center;\"><em>Fonte: <a href=\"https:\/\/blog.humberseguros.com.br\/post\/gestao-do-agronegocio-2\/\" target=\"_blank\" rel=\"noopener\">humberseguros<\/a><\/em><\/p>\n<p><span style=\"font-weight: 400;\">\u201c<\/span><i><span style=\"font-weight: 400;\">Ainda falta, seja a n\u00edvel de produtor, seja a n\u00edvel de consultor agr\u00edcola, uma gest\u00e3o mais aprimorada dos dados coletados. Caminhamos para ter milhares de dados produzidos, mas ainda n\u00e3o estamos bem consolidados com a gest\u00e3o destes dados<\/span><\/i><span style=\"font-weight: 400;\">\u201d, acredita.<\/span><\/p>\n<p><span style=\"font-weight: 400;\">Paniago tem certeza que aquele agricultor que n\u00e3o tem gest\u00e3o de dados, ele j\u00e1 come\u00e7a a safra perdendo e esse \u00e9 o grande desafio para 2022. \u201c<\/span><i><span style=\"font-weight: 400;\">Precisamos ajudar produtores e consultores a analisar detalhes (dados) para que tenham resultados l\u00e1 na frente. Afinal, sem gest\u00e3o, n\u00e3o h\u00e1 resultados<\/span><\/i><span style=\"font-weight: 400;\">\u201d.<\/span><\/p>\n<p><span style=\"font-weight: 400;\">Diante disso, Paniago cr\u00ea que as grandes tend\u00eancias para o agroneg\u00f3cio, em tecnologia, se baseiam em:\u00a0<\/span><\/p>\n<ul>\n<li style=\"font-weight: 400;\" aria-level=\"1\"><span style=\"font-weight: 400;\">Smart farming;\u00a0<\/span><\/li>\n<li style=\"font-weight: 400;\" aria-level=\"1\"><span style=\"font-weight: 400;\">Digitaliza\u00e7\u00e3o;\u00a0<\/span><\/li>\n<li style=\"font-weight: 400;\" aria-level=\"1\"><span style=\"font-weight: 400;\">Aplica\u00e7\u00f5es localizadas (por m\u00b2 ou inv\u00e9s de hectare);\u00a0<\/span><\/li>\n<li style=\"font-weight: 400;\" aria-level=\"1\"><span style=\"font-weight: 400;\">Aplica\u00e7\u00f5es na nuvem (computa\u00e7\u00e3o em nuvem);<\/span><\/li>\n<li style=\"font-weight: 400;\" aria-level=\"1\"><span style=\"font-weight: 400;\">Equipamentos aut\u00f4nomos;\u00a0<\/span><\/li>\n<li style=\"font-weight: 400;\" aria-level=\"1\"><span style=\"font-weight: 400;\">Gen\u00e9tica (manipula\u00e7\u00e3o de genes e cria\u00e7\u00e3o de novas variedades de h\u00edbridos);<\/span><\/li>\n<li style=\"font-weight: 400;\" aria-level=\"1\"><span style=\"font-weight: 400;\">Nanotecnologia;\u00a0<\/span><\/li>\n<li style=\"font-weight: 400;\" aria-level=\"1\"><a href=\"https:\/\/blog.agrointeli.com.br\/blog\/drones-para-a-agricultura-de-precisao\/\"><span style=\"font-weight: 400;\">Drones <\/span><\/a><span style=\"font-weight: 400;\">e muitos outros avan\u00e7os.\u00a0<\/span><\/li>\n<\/ul>\n<p><span style=\"font-weight: 400;\">\u201c<\/span><i><span style=\"font-weight: 400;\">O futuro \u00e9 agora e n\u00e3o d\u00e1 mais para esperar, mas para aproveitar toda essa tecnologia \u00e9 preciso priorizar a forma\u00e7\u00e3o de agricultores, t\u00e9cnicos e consultores. Essa \u00e9 a nossa miss\u00e3o atrav\u00e9s da Agrointeli<\/span><\/i><span style=\"font-weight: 400;\">\u201d, opina Paniago.<\/span><\/p>\n<p><span style=\"font-weight: 400;\">Para complementar a fala de Bruno Paniago, Renato Borges ressaltou que o produtor sempre busca a m\u00e1xima produtividade, mas ele precisa focar muito mais na rentabilidade, isso \u00e9 umas das tend\u00eancias para o agroneg\u00f3cio. \u201c<\/span><i><span style=\"font-weight: 400;\">No final do dia, o que vale \u00e9 o capital que entra no bolso e \u00e9 a rentabilidade que ir\u00e1 mostrar isso<\/span><\/i><span style=\"font-weight: 400;\">\u201d, disse.<\/span><\/p>\n<p><img decoding=\"async\" class=\"aligncenter wp-image-5972 size-full\" src=\"https:\/\/blog.agrointeli.com.br\/blog\/wp-content\/uploads\/2022\/01\/tendencias-para-o-agronegocio-5.png\" alt=\"tend\u00eancias para o agroneg\u00f3cio\" width=\"567\" height=\"377\" srcset=\"https:\/\/blog.agrointeli.com.br\/blog\/wp-content\/uploads\/2022\/01\/tendencias-para-o-agronegocio-5.png 567w, https:\/\/blog.agrointeli.com.br\/blog\/wp-content\/uploads\/2022\/01\/tendencias-para-o-agronegocio-5-500x332.png 500w\" sizes=\"(max-width: 567px) 100vw, 567px\" \/><\/p>\n<p style=\"text-align: center;\"><em>Fonte: <a href=\"https:\/\/www.freepik.es\/foto-gratis\/drone-quad-helicoptero-camara-digital-alta-resolucion-campo-maiz-verde_10164146.htm#page=1&amp;query=drone&amp;position=34\" target=\"_blank\" rel=\"noopener\">Freepik<\/a><\/em><\/p>\n<p><span style=\"font-weight: 400;\">Marcus Faria, por sua vez, disse que falar em tend\u00eancias em tecnologia no agroneg\u00f3cio n\u00e3o \u00e9 uma tarefa f\u00e1cil, haja visto que o aporte tecnol\u00f3gico \u00e9 imprescind\u00edvel para qualquer neg\u00f3cio. \u201c<\/span><i><span style=\"font-weight: 400;\">Sem tecnologia, o neg\u00f3cio, independente da \u00e1rea, certamente est\u00e1 atrasado<\/span><\/i><span style=\"font-weight: 400;\">\u201d, diz.<\/span><\/p>\n<p><span style=\"font-weight: 400;\">Mas, no mundo agro, falar em tend\u00eancias de tecnologia no agroneg\u00f3cio \u00e9 ainda mais importante, com ela tomando essencial pela necessidade do produtor rural melhorar cada dia mais.<\/span><\/p>\n<p><span style=\"font-weight: 400;\">Dessa forma, o coordenador de projetos em agroneg\u00f3cios no Sebrae\/MS ressaltou que para ter tecnologia o produtor precisa, acima de qualquer coisa, ser gestor da sua empresa e, a partir disso, trabalhar seu planejamento.\u00a0 \u201c<\/span><i><span style=\"font-weight: 400;\">O produtor deve saber onde ele quer chegar? Onde ele est\u00e1? Quais s\u00e3o os objetivos? E a partir dessa an\u00e1lise definir quais s\u00e3o as estrat\u00e9gias<\/span><\/i><span style=\"font-weight: 400;\">\u201d, ressaltou.<\/span><\/p>\n<p>&nbsp;<\/p>\n<h2><b>Vemos uma luz no fim do t\u00fanel: Novas tecnologias ajudam o produtor<\/b><\/h2>\n<p><span style=\"font-weight: 400;\">Complementando sua fala, Marcus Faria disse que o produtor visualiza uma luz no fim do t\u00fanel com a chegada de muitas tecnologias que come\u00e7am a se apresentar ao produtor rural.<\/span><\/p>\n<p><span style=\"font-weight: 400;\">Segundo ele, a chegada de novas tecnologias de <\/span><a href=\"https:\/\/blog.conectaragro.com.br\/category\/conectividade\/\" target=\"_blank\" rel=\"noopener\"><span style=\"font-weight: 400;\">conectividade<\/span><\/a><span style=\"font-weight: 400;\">, como o 5G trazem ao setor uma esperan\u00e7a de que vamos galgar a t\u00e3o esperada comunica\u00e7\u00e3o entre m\u00e1quinas, pessoas e sistemas de gest\u00e3o.\u00a0<\/span><\/p>\n<p><img decoding=\"async\" class=\"aligncenter wp-image-5973 size-full\" src=\"https:\/\/blog.agrointeli.com.br\/blog\/wp-content\/uploads\/2022\/01\/tendencias-para-o-agronegocio-6.jpg\" alt=\"tend\u00eancias para o agroneg\u00f3cio \" width=\"567\" height=\"319\" srcset=\"https:\/\/blog.agrointeli.com.br\/blog\/wp-content\/uploads\/2022\/01\/tendencias-para-o-agronegocio-6.jpg 567w, https:\/\/blog.agrointeli.com.br\/blog\/wp-content\/uploads\/2022\/01\/tendencias-para-o-agronegocio-6-500x281.jpg 500w\" sizes=\"(max-width: 567px) 100vw, 567px\" \/><\/p>\n<p style=\"text-align: center;\"><em>Fonte:<a href=\"https:\/\/www.tudocelular.com\/mercado\/noticias\/n183174\/brasil-5g-nokia-algar-rede-agronegocio-de-mg.html\" target=\"_blank\" rel=\"noopener\">tudocelular<\/a><\/em><\/p>\n<p><span style=\"font-weight: 400;\">E, assim como disse Bruno Paniago, para Marcus Faria a capacita\u00e7\u00e3o \u00e9 fundamental no atual momento. \u201d<\/span><i><span style=\"font-weight: 400;\">No Sebrae estamos trabalhando para oferecer capacita\u00e7\u00e3o ao produtor, mostrando as tecnologias que j\u00e1 existem e como elas contribuem com sua atividade<\/span><\/i><span style=\"font-weight: 400;\">\u201d.\u00a0<\/span><\/p>\n<p><span style=\"font-weight: 400;\">Para finalizar o enriquecedor bate papo, Fernando Bavaresco levantou a informa\u00e7\u00e3o de que a ado\u00e7\u00e3o de tecnologias pelo produtor rural varia de acordo com o grau de maturidade de cada atividade. Segundo Bavaresco, o entendimento desse grau ser\u00e1 um guia para definir um entre os v\u00e1rios horizontes de inova\u00e7\u00e3o.\u00a0<\/span><\/p>\n<p><span style=\"font-weight: 400;\">\u201c<\/span><i><span style=\"font-weight: 400;\">Alguns produtores demandam inova\u00e7\u00f5es mais b\u00e1sicas\/simplistas, outros, por sua vez, por serem mais tecnificados, podem necessitar de tecnologias mais modernas e digitais<\/span><\/i><span style=\"font-weight: 400;\">\u201d.<\/span><\/p>\n<p><span style=\"font-weight: 400;\">Mas, independentemente disso, ele salienta que todas as tend\u00eancias em tecnologia no agroneg\u00f3cio precisam englobar tr\u00eas pilares b\u00e1sicos:<\/span><\/p>\n<ol>\n<li style=\"font-weight: 400;\" aria-level=\"1\"><span style=\"font-weight: 400;\">Efici\u00eancia;<\/span><\/li>\n<li style=\"font-weight: 400;\" aria-level=\"1\"><span style=\"font-weight: 400;\">Rentabilidade;<\/span><\/li>\n<li style=\"font-weight: 400;\" aria-level=\"1\"><span style=\"font-weight: 400;\">Sustentabilidade<\/span><\/li>\n<\/ol>\n<p><span style=\"font-weight: 400;\">\u201c<\/span><i><span style=\"font-weight: 400;\">Se alguma tecnologia n\u00e3o seguir estes pilares, ela dever\u00e1 ser repensada!<\/span><\/i><span style=\"font-weight: 400;\">\u201d, acredita o Gerente de Agricultura Digital e Servi\u00e7os na 3tentos.\u00a0<\/span><\/p>\n<p><span style=\"font-weight: 400;\">Ele ainda complementa o real papel da 3tentos neste cen\u00e1rio. \u201c<\/span><i><span style=\"font-weight: 400;\">Nosso grande objetivo \u00e9 fazer com que o produtor sempre d\u00ea certo, por isso priorizamos a melhor assist\u00eancia t\u00e9cnica a nossos clientes, al\u00e9m de uma \u00f3tima capacita\u00e7\u00e3o, sobretudo em gest\u00e3o<\/span><\/i><span style=\"font-weight: 400;\">\u201d.<\/span><\/p>\n<p><span style=\"font-weight: 400;\">Por fim, assim como citado pelos outros profissionais na live, Fernando Bavaresco salienta que a grande tend\u00eancia em tecnologia no agroneg\u00f3cio s\u00e3o os dados. \u201c<\/span><i><span style=\"font-weight: 400;\">Essa \u00e9 uma grande necessidade e a tecnologia est\u00e1 inserida nisso via agricultura digital. A AP est\u00e1 facilitando a captura de dados em todas as vertentes e vai guiar as inova\u00e7\u00f5es daqui para frente<\/span><\/i><span style=\"font-weight: 400;\">\u201d.<\/span><\/p>\n<p><a href=\"https:\/\/materiais.agrointeli.com.br\/demonstracao-lp?utm_source=blog&amp;utm_medium=banner&amp;utm_campaign=LP\"><img decoding=\"async\" class=\"aligncenter wp-image-5978 size-full\" src=\"https:\/\/blog.agrointeli.com.br\/blog\/wp-content\/uploads\/2022\/01\/banner-BLOG-6k-x-1k-px_LE.png\" alt=\"\" width=\"4000\" height=\"1000\" srcset=\"https:\/\/blog.agrointeli.com.br\/blog\/wp-content\/uploads\/2022\/01\/banner-BLOG-6k-x-1k-px_LE.png 4000w, https:\/\/blog.agrointeli.com.br\/blog\/wp-content\/uploads\/2022\/01\/banner-BLOG-6k-x-1k-px_LE-500x125.png 500w, https:\/\/blog.agrointeli.com.br\/blog\/wp-content\/uploads\/2022\/01\/banner-BLOG-6k-x-1k-px_LE-2000x500.png 2000w, https:\/\/blog.agrointeli.com.br\/blog\/wp-content\/uploads\/2022\/01\/banner-BLOG-6k-x-1k-px_LE-768x192.png 768w, https:\/\/blog.agrointeli.com.br\/blog\/wp-content\/uploads\/2022\/01\/banner-BLOG-6k-x-1k-px_LE-1536x384.png 1536w, https:\/\/blog.agrointeli.com.br\/blog\/wp-content\/uploads\/2022\/01\/banner-BLOG-6k-x-1k-px_LE-2048x512.png 2048w, https:\/\/blog.agrointeli.com.br\/blog\/wp-content\/uploads\/2022\/01\/banner-BLOG-6k-x-1k-px_LE-610x153.png 610w, https:\/\/blog.agrointeli.com.br\/blog\/wp-content\/uploads\/2022\/01\/banner-BLOG-6k-x-1k-px_LE-750x188.png 750w, https:\/\/blog.agrointeli.com.br\/blog\/wp-content\/uploads\/2022\/01\/banner-BLOG-6k-x-1k-px_LE-1140x285.png 1140w\" sizes=\"(max-width: 4000px) 100vw, 4000px\" \/><\/a><\/p>\n<p><b><i>Para assistir o bate papo por completo das tend\u00eancias para o agroneg\u00f3cio, convidamos voc\u00ea a assistir o v\u00eddeo abaixo ou <\/i><\/b><a href=\"https:\/\/www.youtube.com\/watch?v=Wk7OTEM5Lpo\" target=\"_blank\" rel=\"noopener\"><b><i>acessar o canal da Agrointeli no Youtube<\/i><\/b><\/a><b><i> e conferir a live.<\/i><\/b><\/p>\n<p><iframe title=\"Live - Tend\u00eancias para o Agroneg\u00f3cio para 2022\" width=\"800\" height=\"450\" src=\"https:\/\/www.youtube.com\/embed\/Wk7OTEM5Lpo?feature=oembed&#038;enablejsapi=1&#038;origin=https:\/\/blog.agrointeli.com.br\" frameborder=\"0\" allow=\"accelerometer; autoplay; clipboard-write; encrypted-media; gyroscope; picture-in-picture\" allowfullscreen><\/iframe><\/p>\n","protected":false},"excerpt":{"rendered":"<p>Em 2022, o agroneg\u00f3cio brasileiro dever\u00e1 ter um crescimento de quase 5%, segundo proje\u00e7\u00f5es da Funda\u00e7\u00e3o Get\u00falio Vargas (FGV). Mas, para que essa tend\u00eancia se confirme, \u00e9 ci\u00eancia de todos que o uso da tecnologia no agroneg\u00f3cio ser\u00e1 imprescind\u00edvel para o pr\u00f3ximo ano, mesmo diante dos muitos desafios. E com o prop\u00f3sito de discutir os [&hellip;]<\/p>\n","protected":false},"author":1,"featured_media":5974,"comment_status":"open","ping_status":"closed","sticky":false,"template":"","format":"standard","meta":{"_coblocks_attr":"","_coblocks_dimensions":"","_coblocks_responsive_height":"","_coblocks_accordion_ie_support":"","_mi_skip_tracking":false,"spay_email":""},"categories":[43],"tags":[],"jetpack_featured_media_url":"https:\/\/blog.agrointeli.com.br\/blog\/wp-content\/uploads\/2022\/01\/tendencias-para-o-agronegocio.png","_links":{"self":[{"href":"https:\/\/blog.agrointeli.com.br\/blog\/wp-json\/wp\/v2\/posts\/5967"}],"collection":[{"href":"https:\/\/blog.agrointeli.com.br\/blog\/wp-json\/wp\/v2\/posts"}],"about":[{"href":"https:\/\/blog.agrointeli.com.br\/blog\/wp-json\/wp\/v2\/types\/post"}],"author":[{"embeddable":true,"href":"https:\/\/blog.agrointeli.com.br\/blog\/wp-json\/wp\/v2\/users\/1"}],"replies":[{"embeddable":true,"href":"https:\/\/blog.agrointeli.com.br\/blog\/wp-json\/wp\/v2\/comments?post=5967"}],"version-history":[{"count":5,"href":"https:\/\/blog.agrointeli.com.br\/blog\/wp-json\/wp\/v2\/posts\/5967\/revisions"}],"predecessor-version":[{"id":6049,"href":"https:\/\/blog.agrointeli.com.br\/blog\/wp-json\/wp\/v2\/posts\/5967\/revisions\/6049"}],"wp:featuredmedia":[{"embeddable":true,"href":"https:\/\/blog.agrointeli.com.br\/blog\/wp-json\/wp\/v2\/media\/5974"}],"wp:attachment":[{"href":"https:\/\/blog.agrointeli.com.br\/blog\/wp-json\/wp\/v2\/media?parent=5967"}],"wp:term":[{"taxonomy":"category","embeddable":true,"href":"https:\/\/blog.agrointeli.com.br\/blog\/wp-json\/wp\/v2\/categories?post=5967"},{"taxonomy":"post_tag","embeddable":true,"href":"https:\/\/blog.agrointeli.com.br\/blog\/wp-json\/wp\/v2\/tags?post=5967"}],"curies":[{"name":"wp","href":"https:\/\/api.w.org\/{rel}","templated":true}]}}