{"id":5900,"date":"2022-01-20T17:26:45","date_gmt":"2022-01-20T21:26:45","guid":{"rendered":"https:\/\/blog.agrointeli.com.br\/blog\/?p=5900"},"modified":"2022-09-13T12:08:09","modified_gmt":"2022-09-13T16:08:09","slug":"como-fazer-o-manejo-integrado-do-milho","status":"publish","type":"post","link":"https:\/\/blog.agrointeli.com.br\/blog\/como-fazer-o-manejo-integrado-do-milho\/","title":{"rendered":"Como fazer o manejo integrado de pragas (MIP) do milho"},"content":{"rendered":"<p><span style=\"font-weight: 400;\">Por priorizar a m\u00e1xima sustentabilidade da produ\u00e7\u00e3o agr\u00edcola e combater amea\u00e7as fitossanit\u00e1rias de forma mais eficaz, o Manejo Integrado de Pragas (MIP) representa, na atualidade, um conjunto de estrat\u00e9gias, cada dia mais, utilizadas em lavouras brasileiras.<\/span><\/p>\n<p>&nbsp;<\/p>\n<p><img decoding=\"async\" class=\"aligncenter wp-image-5901 size-full\" src=\"https:\/\/blog.agrointeli.com.br\/blog\/wp-content\/uploads\/2022\/01\/manejo-integrado-1.png\" alt=\"manejo integrado\" width=\"567\" height=\"297\" srcset=\"https:\/\/blog.agrointeli.com.br\/blog\/wp-content\/uploads\/2022\/01\/manejo-integrado-1.png 567w, https:\/\/blog.agrointeli.com.br\/blog\/wp-content\/uploads\/2022\/01\/manejo-integrado-1-500x262.png 500w\" sizes=\"(max-width: 567px) 100vw, 567px\" \/><\/p>\n<p style=\"text-align: center;\"><em>Fonte: S<a href=\"https:\/\/s2.glbimg.com\/oSIbI4QSkz6oLv8dO7Ptt-G0CJs=\/780x440\/e.glbimg.com\/og\/ed\/f\/original\/2017\/01\/27\/thinkstockphotos-474448662.jpg\" target=\"_blank\" rel=\"noopener\">2.glbimg<\/a><\/em><\/p>\n<p><span style=\"font-weight: 400;\">Na cultura do milho, ao utilizar corretamente as estrat\u00e9gias de manejo integrado, o agricultor consegue manter o equil\u00edbrio do ambiente, preservando os inimigos naturais das pragas e impedindo intensos preju\u00edzos econ\u00f4micos.<\/span><\/p>\n<div id=\"como-fazer-o-manejo-integrado-de-pragas-mip-do-milho-34985f1e1f3411650622\" role=\"main\"><\/div>\n<p><script type=\"text\/javascript\" src=\"https:\/\/d335luupugsy2.cloudfront.net\/js\/rdstation-forms\/stable\/rdstation-forms.min.js\"><\/script><script type=\"text\/javascript\"> new RDStationForms('como-fazer-o-manejo-integrado-de-pragas-mip-do-milho-34985f1e1f3411650622', 'UA-160168076-1').createForm();<\/script><\/p>\n<p><span style=\"font-weight: 400;\">Assim como ocorre em outras culturas, a ado\u00e7\u00e3o do MIP em lavouras de milho se baseia em alguns componentes padr\u00e3o. Estes se iniciam com uma boa diagnose (avalia\u00e7\u00e3o do agroecossistema) e v\u00e3o at\u00e9 \u00e0 escolha dos m\u00e9todos de controle (estrat\u00e9gias e t\u00e1ticas do MIP) a serem adotados.<\/span><\/p>\n<p><span style=\"font-weight: 400;\">Para falar sobre este tema, elaboramos este artigo. Nele vamos explicar um passo a passo para que voc\u00ea possa come\u00e7ar a fazer o Manejo Integrado de pragas na cultura do milho, sempre da forma mais eficiente e sustent\u00e1vel.<\/span><\/p>\n<p>&nbsp;<\/p>\n<h2><b>O que \u00e9 o Manejo Integrado de Pragas?<\/b><\/h2>\n<p><span style=\"font-weight: 400;\">Antes de entendermos o passo a passo para iniciar um manejo integrado de pragas no milho precisamos entender definitivamente o que \u00e9 o MIP de forma geral.\u00a0<\/span><\/p>\n<p><span style=\"font-weight: 400;\">Basicamente, o <\/span><a href=\"https:\/\/blog.agrointeli.com.br\/blog\/manejo-integrado-de-pragas-livro\/\"><span style=\"font-weight: 400;\">manejo integrado de pragas<\/span><\/a><span style=\"font-weight: 400;\"> pode ser definido como o uso de um conjunto de a\u00e7\u00f5es que visem um controle de pragas mais eficaz e que assegure consequ\u00eancias que sejam econ\u00f4mica, ecol\u00f3gica e socialmente aceitas.<\/span><\/p>\n<p><span style=\"font-weight: 400;\">Quando bem empregada, o conjunto de a\u00e7\u00f5es de Manejo Integrado de Pragas limita os efeitos potenciais que os defensivos qu\u00edmicos podem causar na sa\u00fade p\u00fablica e no meio ambiente.<\/span><\/p>\n<p><span style=\"font-weight: 400;\">O objetivo dessa estrat\u00e9gia n\u00e3o \u00e9 o de eliminar os agentes que comprometem a produtividade, mas reduzir sua popula\u00e7\u00e3o de modo a permitir que seus inimigos naturais n\u00e3o sejam afetados e possam agir sobre suas presas favorecendo a volta do equil\u00edbrio natural do ambiente.\u00a0<\/span><\/p>\n<p><span style=\"font-weight: 400;\">Como o pr\u00f3prio nome diz, o Manejo Integrado de Pragas faz refer\u00eancia \u00e0 integra\u00e7\u00e3o de diferentes ferramentas e t\u00e9cnicas de controle. S\u00e3o elas:<\/span><\/p>\n<ul>\n<li style=\"font-weight: 400;\" aria-level=\"1\"><span style=\"font-weight: 400;\">Controle cultural;<\/span><\/li>\n<li style=\"font-weight: 400;\" aria-level=\"1\"><span style=\"font-weight: 400;\">Controle biol\u00f3gico;<\/span><\/li>\n<li style=\"font-weight: 400;\" aria-level=\"1\"><span style=\"font-weight: 400;\">Controle comportamental;<\/span><\/li>\n<li style=\"font-weight: 400;\" aria-level=\"1\"><span style=\"font-weight: 400;\">Controle gen\u00e9tico;<\/span><\/li>\n<li style=\"font-weight: 400;\" aria-level=\"1\"><span style=\"font-weight: 400;\">Controle varietal;<\/span><\/li>\n<li style=\"font-weight: 400;\" aria-level=\"1\"><span style=\"font-weight: 400;\">Controle qu\u00edmico<\/span><\/li>\n<\/ul>\n<p>&nbsp;<\/p>\n<p><span style=\"font-weight: 400;\">Dessa forma, como visto no infogr\u00e1fico abaixo, o MIP envolve o emprego conjunto de todas essas ferramentas, que associadas ao correto monitoramento, garantem uma estrat\u00e9gia de controle mais planejada e harmoniosa.<\/span><\/p>\n<p>&nbsp;<\/p>\n<p><img decoding=\"async\" class=\"aligncenter wp-image-5903 size-full\" src=\"https:\/\/blog.agrointeli.com.br\/blog\/wp-content\/uploads\/2022\/01\/manejo-integrado.png\" alt=\"manejo integrado\" width=\"567\" height=\"237\" srcset=\"https:\/\/blog.agrointeli.com.br\/blog\/wp-content\/uploads\/2022\/01\/manejo-integrado.png 567w, https:\/\/blog.agrointeli.com.br\/blog\/wp-content\/uploads\/2022\/01\/manejo-integrado-500x209.png 500w\" sizes=\"(max-width: 567px) 100vw, 567px\" \/><\/p>\n<p style=\"text-align: center;\"><em>Pilares do programa integrado de controle de pragas<\/em><\/p>\n<p>&nbsp;<\/p>\n<p><span style=\"font-weight: 400;\">Exatamente por isso, o sucesso do MIP requer o entendimento do sistema agr\u00edcola como um todo, al\u00e9m do conhecimento das interela\u00e7\u00f5es ecol\u00f3gicas entre os insetos agressores, seus inimigos naturais e o ambiente onde est\u00e1 a planta\u00e7\u00e3o est\u00e1 inserida.<\/span><\/p>\n<p><span style=\"font-weight: 400;\">Para saber mais sobre o conceito de MIP e sua import\u00e2ncia para melhor controle de culturas agr\u00edcolas, vale muito a pena conferir o v\u00eddeo abaixo, que \u00e9 o cap\u00edtulo 2 de uma webs\u00e9rie elaborada pela Agrointeli.<\/span><\/p>\n<p>&nbsp;<\/p>\n<p><iframe title=\"Manejo Integrado de Pragas [ PARTE 2]: sua melhor estrat\u00e9gia para prote\u00e7\u00e3o da lavoura\" width=\"800\" height=\"450\" src=\"https:\/\/www.youtube.com\/embed\/q7Ntk1Z3rcE?feature=oembed&#038;enablejsapi=1&#038;origin=https:\/\/blog.agrointeli.com.br\" frameborder=\"0\" allow=\"accelerometer; autoplay; clipboard-write; encrypted-media; gyroscope; picture-in-picture\" allowfullscreen><\/iframe><\/p>\n<p>&nbsp;<\/p>\n<h2><b>Manejo integrado de pragas no milho: Essencial para manter a produtividade<\/b><\/h2>\n<p><span style=\"font-weight: 400;\">Desde que foi desenvolvido na d\u00e9cada de 40 o Manejo Integrado de Pragas tornou-se importante para todas as culturas, com o milho n\u00e3o seria diferente.\u00a0<\/span><\/p>\n<p><span style=\"font-weight: 400;\">A cadeia produtiva do milho \u00e9 bastante longa. Dessa forma, muitos s\u00e3o os fatores que porventura podem contribuir para redu\u00e7\u00e3o da produtividade do gr\u00e3o. Uma das principais redu\u00e7\u00f5es se d\u00e1 no in\u00edcio da produ\u00e7\u00e3o, com o aparecimento de pragas na lavoura de milho.<\/span><\/p>\n<p><span style=\"font-weight: 400;\">Na fase inicial das plantas, estas pragas reduzem o stand das plantas drasticamente, bem como a densidade das sementes ap\u00f3s a semeadura, e continuam representando uma amea\u00e7a em toda a fase vegetativa e reprodutiva.<\/span><\/p>\n<p>&nbsp;<\/p>\n<p><img decoding=\"async\" class=\"aligncenter wp-image-5902 size-full\" src=\"https:\/\/blog.agrointeli.com.br\/blog\/wp-content\/uploads\/2022\/01\/manejo-integrado-2.png\" alt=\"manejo integrado\" width=\"499\" height=\"461\" \/><\/p>\n<p style=\"text-align: center;\"><em>Lagarta-da-espiga-do-milho (Helicoverpa armigera). Uma das principais pragas da cultura de milho<\/em><\/p>\n<p>&nbsp;<\/p>\n<p><span style=\"font-weight: 400;\">Tal fato s\u00f3 refor\u00e7a a import\u00e2ncia da escolha integrada das ferramentas de controle da popula\u00e7\u00e3o de pragas nas lavouras de milho, impedindo danos mais intensos.<\/span><\/p>\n<p><span style=\"font-weight: 400;\">O manejo integrado de pragas do milho \u00e9 baseado na amostragem das popula\u00e7\u00f5es de insetos-praga e inimigos naturais dessas pragas presentes na cultura. Dessa forma, via MIP, o controle de pragas s\u00f3 \u00e9 efetuado caso a mesma venha a causar danos econ\u00f4micos \u00e0 cultura.<\/span><\/p>\n<p>&nbsp;<\/p>\n<h2><b>Como aplicar o MIP no milho na pr\u00e1tica?<\/b><\/h2>\n<p><span style=\"font-weight: 400;\">Voc\u00ea pretende fazer o MIP no milho adequadamente, mas n\u00e3o sabe por onde come\u00e7ar? N\u00f3s te ajudamos! Veja um <\/span><a href=\"https:\/\/blog.agrointeli.com.br\/blog\/o-que-e-manejo-integrado-de-pragas\/\"><span style=\"font-weight: 400;\">passo a passo para adotar essa estrat\u00e9gia<\/span><\/a><span style=\"font-weight: 400;\">:<\/span><\/p>\n<p><span style=\"font-weight: 400;\"><a href=\"https:\/\/materiais.agrointeli.com.br\/demonstracao-produto-mip?utm_source=blog&amp;utm_medium=banner&amp;utm_campaign=lp\"><img decoding=\"async\" class=\"aligncenter wp-image-6632 size-full\" src=\"https:\/\/blog.agrointeli.com.br\/blog\/wp-content\/uploads\/2020\/11\/banner-BLOG-6k-x-1k-px-9.png\" alt=\"AGROINTELI\" width=\"4000\" height=\"1000\" srcset=\"https:\/\/blog.agrointeli.com.br\/blog\/wp-content\/uploads\/2020\/11\/banner-BLOG-6k-x-1k-px-9.png 4000w, https:\/\/blog.agrointeli.com.br\/blog\/wp-content\/uploads\/2020\/11\/banner-BLOG-6k-x-1k-px-9-500x125.png 500w, https:\/\/blog.agrointeli.com.br\/blog\/wp-content\/uploads\/2020\/11\/banner-BLOG-6k-x-1k-px-9-2000x500.png 2000w, https:\/\/blog.agrointeli.com.br\/blog\/wp-content\/uploads\/2020\/11\/banner-BLOG-6k-x-1k-px-9-768x192.png 768w, https:\/\/blog.agrointeli.com.br\/blog\/wp-content\/uploads\/2020\/11\/banner-BLOG-6k-x-1k-px-9-1536x384.png 1536w, https:\/\/blog.agrointeli.com.br\/blog\/wp-content\/uploads\/2020\/11\/banner-BLOG-6k-x-1k-px-9-2048x512.png 2048w, https:\/\/blog.agrointeli.com.br\/blog\/wp-content\/uploads\/2020\/11\/banner-BLOG-6k-x-1k-px-9-610x153.png 610w, https:\/\/blog.agrointeli.com.br\/blog\/wp-content\/uploads\/2020\/11\/banner-BLOG-6k-x-1k-px-9-750x188.png 750w, https:\/\/blog.agrointeli.com.br\/blog\/wp-content\/uploads\/2020\/11\/banner-BLOG-6k-x-1k-px-9-1140x285.png 1140w\" sizes=\"(max-width: 4000px) 100vw, 4000px\" \/><\/a><\/span><\/p>\n<h4><span style=\"font-weight: 400;\">1.Pesquise as pragas presentes na cultura do milho<\/span><\/h4>\n<p><span style=\"font-weight: 400;\">O primeiro passo para aplicar o MIP no milho da forma correta \u00e9 identificar quais s\u00e3o as<a href=\"https:\/\/blog.agrointeli.com.br\/blog\/principais-pragas-do-milho-tudo-que-voce-nao-pode-deixar-de-saber\/\"> pragas existentes<\/a> na \u00e1rea. Essa etapa \u00e9 essencial, visto que um controle eficaz depende da correta identifica\u00e7\u00e3o do inseto, j\u00e1 que cada situa\u00e7\u00e3o exige um manejo espec\u00edfico.<\/span><\/p>\n<p>&nbsp;<\/p>\n<h4><span style=\"font-weight: 400;\">2.Reconhe\u00e7a quais s\u00e3o os inimigos naturais<\/span><\/h4>\n<p><span style=\"font-weight: 400;\">Depois de identificar as pragas presentes na \u00e1rea de produ\u00e7\u00e3o, cabe ao produtor rural reconhecer quais s\u00e3o os reais inimigos naturais e entender como eles podem ser utilizados no <a href=\"https:\/\/blog.agrointeli.com.br\/blog\/principais-pragas-do-milho-tudo-que-voce-nao-pode-deixar-de-saber\/\">controle<\/a>.<\/span><\/p>\n<p>&nbsp;<\/p>\n<h4><span style=\"font-weight: 400;\">3.Utilize o biocontrole<\/span><\/h4>\n<p><span style=\"font-weight: 400;\">Na cultura do milho ou em qualquer outra cultura, o biocontrole serve para prevenir, reduzir ou erradicar a infesta\u00e7\u00e3o de pragas na lavoura.<\/span><\/p>\n<p>&nbsp;<\/p>\n<h4><span style=\"font-weight: 400;\">4.Fa\u00e7a o constante acompanhamento do clima<\/span><\/h4>\n<p><span style=\"font-weight: 400;\">O clima \u00e9 considerado um dos fatores que mais influencia a ocorr\u00eancia de pragas nas lavouras de milho. Alguns problemas s\u00e3o mais t\u00edpicos das \u00e9pocas \u00famidas do ano, outras aparecem no tempo seco.<\/span><\/p>\n<p><span style=\"font-weight: 400;\">Assim, com as informa\u00e7\u00f5es clim\u00e1ticas (umidade e varia\u00e7\u00f5es de temperatura) h\u00e1 a possibilidade de fazer previs\u00f5es e planejamento de curto e m\u00e9dio prazo.<\/span><\/p>\n<p>&nbsp;<\/p>\n<h4><span style=\"font-weight: 400;\">5.Monitore as pragas constantemente<\/span><\/h4>\n<p><span style=\"font-weight: 400;\">A busca pela harmonia do manejo integrado de pragas depende de um monitoramento constante das pragas na lavoura. Dessa forma, cabe ao agricultor coletar amostras por todo o desenvolvimento das plantas (da fase inicial at\u00e9 a espiga) para reconhecer quais s\u00e3o as pragas presentes e o grau de amea\u00e7a ao sistema produtivo.<\/span><\/p>\n<p><span style=\"font-weight: 400;\">Ser\u00e1 por meio deste monitoramento que se obt\u00e9m informa\u00e7\u00f5es imprescind\u00edveis sobre os insetos, ou seja:\u00a0<\/span><\/p>\n<ul>\n<li style=\"font-weight: 400;\" aria-level=\"1\"><span style=\"font-weight: 400;\">Quais s\u00e3o as pragas prim\u00e1rias e secund\u00e1rias;\u00a0<\/span><\/li>\n<li style=\"font-weight: 400;\" aria-level=\"1\"><span style=\"font-weight: 400;\">Quais s\u00e3o inimigos naturais:\u00a0<\/span><\/li>\n<li style=\"font-weight: 400;\" aria-level=\"1\"><span style=\"font-weight: 400;\">Qual a frequ\u00eancia e \u00e9poca de ocorr\u00eancia e etc.\u00a0<\/span><\/li>\n<\/ul>\n<p>&nbsp;<\/p>\n<p><span style=\"font-weight: 400;\">Obter esses dados \u00e9 fundamental para direcionar a melhor estrat\u00e9gia de controle baseada no manejo integrado de pragas, tais como a aplica\u00e7\u00e3o de defensivos ou manejo cultural.<\/span><\/p>\n<p><span style=\"font-weight: 400;\">O infogr\u00e1fico a seguir mostra as pragas que se fazem mais presentes na cultura do milho e da soja. Mostra tamb\u00e9m quais s\u00e3o os est\u00e1dios vegetativos nestas culturas que as principais pragas surgem.<\/span><\/p>\n<p>&nbsp;<\/p>\n<p><img decoding=\"async\" class=\"aligncenter wp-image-5911 size-full\" src=\"https:\/\/blog.agrointeli.com.br\/blog\/wp-content\/uploads\/2022\/01\/Imagem6-1.png\" alt=\"manejo integrado\" width=\"1031\" height=\"1852\" srcset=\"https:\/\/blog.agrointeli.com.br\/blog\/wp-content\/uploads\/2022\/01\/Imagem6-1.png 1031w, https:\/\/blog.agrointeli.com.br\/blog\/wp-content\/uploads\/2022\/01\/Imagem6-1-278x500.png 278w, https:\/\/blog.agrointeli.com.br\/blog\/wp-content\/uploads\/2022\/01\/Imagem6-1-768x1380.png 768w, https:\/\/blog.agrointeli.com.br\/blog\/wp-content\/uploads\/2022\/01\/Imagem6-1-855x1536.png 855w, https:\/\/blog.agrointeli.com.br\/blog\/wp-content\/uploads\/2022\/01\/Imagem6-1-610x1096.png 610w, https:\/\/blog.agrointeli.com.br\/blog\/wp-content\/uploads\/2022\/01\/Imagem6-1-750x1347.png 750w\" sizes=\"(max-width: 1031px) 100vw, 1031px\" \/><\/p>\n<p style=\"text-align: center;\"><em>Calend\u00e1rio de pragas: manejo integrado de pragas (MIP) milho e soja<\/em><\/p>\n<p><span style=\"font-weight: 400;\">Neste contexto, o <\/span><a href=\"https:\/\/agrointeli.com.br\/\"><span style=\"font-weight: 400;\">aplicativo Agrointeli<\/span><\/a><span style=\"font-weight: 400;\"> ser\u00e1 um grande aliado dos produtores de milho. Atrav\u00e9s dele, produtores ter\u00e3o maior confian\u00e7a na tomada de decis\u00e3o de aplica\u00e7\u00f5es de defensivos durante a safra, principalmente por terem um aumento de 30% no n\u00famero de pontos monitorados pela mesma equipe.\u00a0<\/span><\/p>\n<p><span style=\"font-weight: 400;\">Convidamos voc\u00ea a conferir o v\u00eddeo abaixo. Nele, voc\u00ea saber\u00e1 como fazer o rastreio das pragas na cultura de forma simples e r\u00e1pida.<\/span><\/p>\n<p>&nbsp;<\/p>\n<p><iframe title=\"E ASSIM QUE FAZ O MIP DIGITAL EM 27 SEGUNDOS\" width=\"800\" height=\"450\" src=\"https:\/\/www.youtube.com\/embed\/_hJy0gWHoAA?feature=oembed&#038;enablejsapi=1&#038;origin=https:\/\/blog.agrointeli.com.br\" frameborder=\"0\" allow=\"accelerometer; autoplay; clipboard-write; encrypted-media; gyroscope; picture-in-picture\" allowfullscreen><\/iframe><\/p>\n<h4><\/h4>\n<h4><span style=\"font-weight: 400;\">6.Avalie o n\u00edvel de dano<\/span><\/h4>\n<p><span style=\"font-weight: 400;\">Na cultura do milho \u00e9 muito importante avaliar cuidadosamente o n\u00edvel de dano causado por determinadas pragas e ent\u00e3o adotar a estrat\u00e9gia de controle mais adequada, consciente e sensata.<\/span><\/p>\n<p>&nbsp;<\/p>\n<h4><span style=\"font-weight: 400;\">7.Implemente as melhores pr\u00e1ticas agr\u00edcolas\u00a0<\/span><\/h4>\n<p><span style=\"font-weight: 400;\">Algumas pr\u00e1ticas agr\u00edcolas tornam o plantio do milho menos vulner\u00e1vel \u00e0s pragas. Dentre as possibilidades, a rota\u00e7\u00e3o de culturas, a recupera\u00e7\u00e3o do solo, a sele\u00e7\u00e3o de esp\u00e9cies menos suscept\u00edveis e os ajustes no cronograma da colheita s\u00e3o fundamentais para que o agricultor consiga evitar preju\u00edzos mais s\u00e9rios.\u00a0<\/span><\/p>\n<p>&nbsp;<\/p>\n<h2><b>Estrat\u00e9gias associadas ao manejo integrado de pragas no milho<\/b><\/h2>\n<p><span style=\"font-weight: 400;\">Explorar o controle atrav\u00e9s dos inimigos naturais; dimensionar o n\u00edvel de toler\u00e2ncia da planta aos danos causados por determinada praga-alvo; monitorar as popula\u00e7\u00f5es de insetos e; realizar a tomada de decis\u00e3o de acordo com a biologia e ecologia da cultura do milho e de suas pragas em geral. Estes pontos s\u00e3o os princ\u00edpios do Manejo Integrado de Pragas na cultura do milho.\u00a0<\/span><\/p>\n<p><span style=\"font-weight: 400;\">Mas, dentre todos estes pontos, o <\/span><a href=\"https:\/\/blog.agrointeli.com.br\/blog\/manejo-integrado-de-pragas-e-doencas\/\"><span style=\"font-weight: 400;\">monitoramento de pragas<\/span><\/a><span style=\"font-weight: 400;\"> na lavoura de milho \u00e9 possivelmente o mais importante. Ele admite que pode existir uma quantidade m\u00ednima de pragas na lavoura at\u00e9 um ponto que n\u00e3o cause quedas de produtividade e preju\u00edzos econ\u00f4micos, conhecido como n\u00edvel de dano econ\u00f4mico (NDE).<\/span><\/p>\n<p><img decoding=\"async\" class=\"aligncenter wp-image-5905 size-full\" src=\"https:\/\/blog.agrointeli.com.br\/blog\/wp-content\/uploads\/2022\/01\/MANEJO-INTEGRADO-4-1.png\" alt=\"manejo integrado\" width=\"567\" height=\"438\" srcset=\"https:\/\/blog.agrointeli.com.br\/blog\/wp-content\/uploads\/2022\/01\/MANEJO-INTEGRADO-4-1.png 567w, https:\/\/blog.agrointeli.com.br\/blog\/wp-content\/uploads\/2022\/01\/MANEJO-INTEGRADO-4-1-500x386.png 500w\" sizes=\"(max-width: 567px) 100vw, 567px\" \/><\/p>\n<p><span style=\"font-weight: 400;\">A partir do momento que a amostragem a campo ultrapassa esse limite de dano econ\u00f4mico, \u00e9 ent\u00e3o tomada a decis\u00e3o sobre qual ser\u00e1 a melhor t\u00e1tica de controle. Essas t\u00e1ticas correspondem aos j\u00e1 conhecidos pilares do manejo integrado de pragas que, na cultura do milho, se baseiam em:<\/span><\/p>\n<h4><span style=\"font-weight: 400;\">Controle cultural<\/span><\/h4>\n<p><span style=\"font-weight: 400;\">Este \u00e9 um m\u00e9todo de controle preventivo e permanente na lavoura que consiste em reduzir a disponibilidade de alimentos para a praga, evitando a explos\u00e3o populacional na entressafra.<\/span><\/p>\n<p><span style=\"font-weight: 400;\">Dentre os m\u00e9todos de controle cultural na cultura do milho temos:<\/span><\/p>\n<ul>\n<li style=\"font-weight: 400;\" aria-level=\"1\"><span style=\"font-weight: 400;\">Rota\u00e7\u00e3o de culturas;<\/span><\/li>\n<li style=\"font-weight: 400;\" aria-level=\"1\"><span style=\"font-weight: 400;\">Escolha da melhor \u00e9poca de plantio e colheita;<\/span><\/li>\n<li style=\"font-weight: 400;\" aria-level=\"1\"><span style=\"font-weight: 400;\">Destrui\u00e7\u00e3o de restos culturais;<\/span><\/li>\n<li style=\"font-weight: 400;\" aria-level=\"1\"><span style=\"font-weight: 400;\">Controle da aduba\u00e7\u00e3o;<\/span><\/li>\n<li style=\"font-weight: 400;\" aria-level=\"1\"><span style=\"font-weight: 400;\">Plantio direto;<\/span><\/li>\n<li style=\"font-weight: 400;\" aria-level=\"1\"><span style=\"font-weight: 400;\">Controle biol\u00f3gico<\/span><\/li>\n<\/ul>\n<p>&nbsp;<\/p>\n<p><span style=\"font-weight: 400;\">Neste tipo de controle, o manejo de plantas daninhas na entressafra \u00e9 tamb\u00e9m essencial. Na cultura do milho, as plantas daninhas podem atuar como \u201cponte verde\u201d servindo de alimento e abrigo para muitas pragas. Por isso, o manejo destas pode influenciar em uma melhor efici\u00eancia no manejo de pragas quando a cultura do milho for estabelecida.<\/span><\/p>\n<p>&nbsp;<\/p>\n<p><img decoding=\"async\" class=\"aligncenter wp-image-5906 size-full\" src=\"https:\/\/blog.agrointeli.com.br\/blog\/wp-content\/uploads\/2022\/01\/MANEJO-INTEGRADO-6-1.jpg\" alt=\"manejo integrado\" width=\"567\" height=\"425\" srcset=\"https:\/\/blog.agrointeli.com.br\/blog\/wp-content\/uploads\/2022\/01\/MANEJO-INTEGRADO-6-1.jpg 567w, https:\/\/blog.agrointeli.com.br\/blog\/wp-content\/uploads\/2022\/01\/MANEJO-INTEGRADO-6-1-500x375.jpg 500w\" sizes=\"(max-width: 567px) 100vw, 567px\" \/><\/p>\n<p style=\"text-align: center;\"><em>O controle biol\u00f3gico \u00e9 usado no combate \u00e0 principal praga das lavouras de milho<\/em><\/p>\n<p>&nbsp;<\/p>\n<h4><span style=\"font-weight: 400;\">Controle comportamental<\/span><\/h4>\n<p><span style=\"font-weight: 400;\">Consiste no uso de ferom\u00f4nios, plantas repelentes, armadilhas e semioqu\u00edmicos. Os ferom\u00f4nios, por exemplo, podem ser utilizados em conjunto com armadilhas para atrair machos e realizar a coleta massal de insetos. Podem tamb\u00e9m impedir encontro entre machos e f\u00eameas, interrompendo o acasalamento.<\/span><\/p>\n<p>&nbsp;<\/p>\n<h4><span style=\"font-weight: 400;\">Controle varietal<\/span><\/h4>\n<p><span style=\"font-weight: 400;\">Consiste no uso de variedades transg\u00eanicas que expressam prote\u00ednas inseticidas (Bt) para o manejo eficiente da praga. Nos \u00faltimos anos, a tecnologia Bt representa uma importante ferramenta para o manejo integrado de pragas na cultura de milho. Entretanto, para que sua efic\u00e1cia seja alcan\u00e7ada, alguns pontos precisam ser levados em considera\u00e7\u00e3o, tais como a escolha de h\u00edbridos e cultivares adaptados e a ado\u00e7\u00e3o de boas pr\u00e1ticas agron\u00f4micas.<\/span><\/p>\n<p>&nbsp;<\/p>\n<h4><span style=\"font-weight: 400;\">Controle qu\u00edmico<\/span><\/h4>\n<p><span style=\"font-weight: 400;\">Essa estrat\u00e9gia \u00e9 bastante conhecida e consiste na utiliza\u00e7\u00e3o de inseticidas e fungicidas seletivos que tenham a\u00e7\u00e3o somente sobre as pragas e doen\u00e7as, mantendo vivos os inimigos naturais. Inseticidas com amplo espectro, como eram comumente usados, leva a morte indiscriminada dos inimigos naturais, causando desequil\u00edbrio ecol\u00f3gico e levando ao surgimento de pragas cada vez mais resistentes.<\/span><\/p>\n<p><span style=\"font-weight: 400;\">Al\u00e9m do mais, para evitar o desenvolvimento de insetos resistentes a esses produtos, deve-se tamb\u00e9m prestar aten\u00e7\u00e3o na rota\u00e7\u00e3o de ingredientes ativos e de modos de a\u00e7\u00e3o desses produtos.<\/span><\/p>\n<p><span style=\"font-weight: 400;\">Dessa forma, todo esse conjunto de t\u00e9cnicas do MIP visam a volta do equil\u00edbrio natural do meio ambiente, aumentando a resist\u00eancia bi\u00f3tica e evitando que novas pragas se estabele\u00e7am nas lavouras de milho.<\/span><\/p>\n<p>&nbsp;<\/p>\n<p><b><i>Continue acompanhando o <\/i><\/b><a href=\"https:\/\/blog.agrointeli.com.br\/blog\/\"><b><i>blog da Agrointeli<\/i><\/b><\/a><b><i> e fique sempre bem informado sobre a gest\u00e3o agr\u00edcola.<\/i><\/b><span style=\"font-weight: 400;\">\u00a0<\/span><\/p>\n<p><span style=\"font-weight: 400;\"><a href=\"https:\/\/materiais.agrointeli.com.br\/demonstracao-produto-mip?utm_source=blog&amp;utm_medium=banner&amp;utm_campaign=lp\"><img decoding=\"async\" class=\"aligncenter wp-image-6632 size-full\" src=\"https:\/\/blog.agrointeli.com.br\/blog\/wp-content\/uploads\/2020\/11\/banner-BLOG-6k-x-1k-px-9.png\" alt=\"AGROINTELI\" width=\"4000\" height=\"1000\" srcset=\"https:\/\/blog.agrointeli.com.br\/blog\/wp-content\/uploads\/2020\/11\/banner-BLOG-6k-x-1k-px-9.png 4000w, https:\/\/blog.agrointeli.com.br\/blog\/wp-content\/uploads\/2020\/11\/banner-BLOG-6k-x-1k-px-9-500x125.png 500w, https:\/\/blog.agrointeli.com.br\/blog\/wp-content\/uploads\/2020\/11\/banner-BLOG-6k-x-1k-px-9-2000x500.png 2000w, https:\/\/blog.agrointeli.com.br\/blog\/wp-content\/uploads\/2020\/11\/banner-BLOG-6k-x-1k-px-9-768x192.png 768w, https:\/\/blog.agrointeli.com.br\/blog\/wp-content\/uploads\/2020\/11\/banner-BLOG-6k-x-1k-px-9-1536x384.png 1536w, https:\/\/blog.agrointeli.com.br\/blog\/wp-content\/uploads\/2020\/11\/banner-BLOG-6k-x-1k-px-9-2048x512.png 2048w, https:\/\/blog.agrointeli.com.br\/blog\/wp-content\/uploads\/2020\/11\/banner-BLOG-6k-x-1k-px-9-610x153.png 610w, https:\/\/blog.agrointeli.com.br\/blog\/wp-content\/uploads\/2020\/11\/banner-BLOG-6k-x-1k-px-9-750x188.png 750w, https:\/\/blog.agrointeli.com.br\/blog\/wp-content\/uploads\/2020\/11\/banner-BLOG-6k-x-1k-px-9-1140x285.png 1140w\" sizes=\"(max-width: 4000px) 100vw, 4000px\" \/><\/a><\/span><\/p>\n","protected":false},"excerpt":{"rendered":"<p>Por priorizar a m\u00e1xima sustentabilidade da produ\u00e7\u00e3o agr\u00edcola e combater amea\u00e7as fitossanit\u00e1rias de forma mais eficaz, o Manejo Integrado de Pragas (MIP) representa, na atualidade, um conjunto de estrat\u00e9gias, cada dia mais, utilizadas em lavouras brasileiras. &nbsp; Fonte: S2.glbimg Na cultura do milho, ao utilizar corretamente as estrat\u00e9gias de manejo integrado, o agricultor consegue manter [&hellip;]<\/p>\n","protected":false},"author":14,"featured_media":5901,"comment_status":"open","ping_status":"closed","sticky":false,"template":"","format":"standard","meta":{"_coblocks_attr":"","_coblocks_dimensions":"","_coblocks_responsive_height":"","_coblocks_accordion_ie_support":"","_mi_skip_tracking":false,"spay_email":""},"categories":[49],"tags":[],"jetpack_featured_media_url":"https:\/\/blog.agrointeli.com.br\/blog\/wp-content\/uploads\/2022\/01\/manejo-integrado-1.png","_links":{"self":[{"href":"https:\/\/blog.agrointeli.com.br\/blog\/wp-json\/wp\/v2\/posts\/5900"}],"collection":[{"href":"https:\/\/blog.agrointeli.com.br\/blog\/wp-json\/wp\/v2\/posts"}],"about":[{"href":"https:\/\/blog.agrointeli.com.br\/blog\/wp-json\/wp\/v2\/types\/post"}],"author":[{"embeddable":true,"href":"https:\/\/blog.agrointeli.com.br\/blog\/wp-json\/wp\/v2\/users\/14"}],"replies":[{"embeddable":true,"href":"https:\/\/blog.agrointeli.com.br\/blog\/wp-json\/wp\/v2\/comments?post=5900"}],"version-history":[{"count":5,"href":"https:\/\/blog.agrointeli.com.br\/blog\/wp-json\/wp\/v2\/posts\/5900\/revisions"}],"predecessor-version":[{"id":6730,"href":"https:\/\/blog.agrointeli.com.br\/blog\/wp-json\/wp\/v2\/posts\/5900\/revisions\/6730"}],"wp:featuredmedia":[{"embeddable":true,"href":"https:\/\/blog.agrointeli.com.br\/blog\/wp-json\/wp\/v2\/media\/5901"}],"wp:attachment":[{"href":"https:\/\/blog.agrointeli.com.br\/blog\/wp-json\/wp\/v2\/media?parent=5900"}],"wp:term":[{"taxonomy":"category","embeddable":true,"href":"https:\/\/blog.agrointeli.com.br\/blog\/wp-json\/wp\/v2\/categories?post=5900"},{"taxonomy":"post_tag","embeddable":true,"href":"https:\/\/blog.agrointeli.com.br\/blog\/wp-json\/wp\/v2\/tags?post=5900"}],"curies":[{"name":"wp","href":"https:\/\/api.w.org\/{rel}","templated":true}]}}