{"id":4866,"date":"2021-07-23T08:00:21","date_gmt":"2021-07-23T12:00:21","guid":{"rendered":"https:\/\/blog.agrointeli.com.br\/blog\/?p=4866"},"modified":"2022-01-12T09:33:58","modified_gmt":"2022-01-12T13:33:58","slug":"monitoramento-de-plantas-daninhas","status":"publish","type":"post","link":"https:\/\/blog.agrointeli.com.br\/blog\/monitoramento-de-plantas-daninhas\/","title":{"rendered":"Como realizar o monitoramento de Plantas Daninhas com a Agrointeli"},"content":{"rendered":"<p style=\"text-align: left;\"><span style=\"font-weight: 400;\">Com safras e n\u00fameros recordes, o agroneg\u00f3cio brasileiro traz cada dia mais para a nossa realidade quest\u00f5es ambientais e sociais importantes: Como utilizar defensivos na lavoura garantindo a sustentabilidade nos processos de produ\u00e7\u00e3o? <\/span><\/p>\n<p><span style=\"font-weight: 400;\">Para produzir de forma sustent\u00e1vel, o agricultor realiza semanalmente o monitoramento das lavouras. Sabemos que pragas, doen\u00e7as e plantas daninhas est\u00e3o presentes e podem causar altos danos econ\u00f4micos. Com a transforma\u00e7\u00e3o digital acontecendo na agricultura, um dos processos envolvidos no manejo de pragas, doen\u00e7as e plantas daninhas foi totalmente digitalizado.<\/span><\/p>\n<p><span style=\"font-weight: 400;\"> Para as tomadas de decis\u00f5es acontecerem com agilidade e o uso de defensivos agr\u00edcolas serem mais direcionados, os profissionais do campo podem utilizar a tecnologia Agrointeli para ajud\u00e1-los na anota\u00e7\u00e3o de dados no campo com o registro de imagens geoprocessadas. <\/span><\/p>\n<p><span style=\"font-weight: 400;\">Atrav\u00e9s da tecnologia da sincroniza\u00e7\u00e3o autom\u00e1tica, em tempo real (com rede de internet), os dados chegam para o(a) Engenheiro(a) Agr\u00f4nomo(a) de forma r\u00e1pida o que possibilita realizar an\u00e1lises t\u00e9cnicas altamente eficientes para a detec\u00e7\u00e3o e o controle antecipado de anomalias.<\/span><\/p>\n<p><span style=\"font-weight: 400;\"> Em seguida, o controle das anomalias poder\u00e1 ser realizado por zonas de manejo.<\/span><\/p>\n<p><span style=\"font-weight: 400;\">Passo a passo<\/span><\/p>\n<div id=\"como-realizar-o-monitoramento-de-plantas-daninhas-com-a-agrointeli-e76a99f5d2063e16351c\" role=\"main\"><\/div>\n<p><script type=\"text\/javascript\" src=\"https:\/\/d335luupugsy2.cloudfront.net\/js\/rdstation-forms\/stable\/rdstation-forms.min.js\"><\/script><script type=\"text\/javascript\"> new RDStationForms('como-realizar-o-monitoramento-de-plantas-daninhas-com-a-agrointeli-e76a99f5d2063e16351c', 'UA-160168076-1').createForm();<\/script><\/p>\n<h2><b><br \/>\n<\/b><b>MONITORAMENTO DE PLANTAS DANINHAS;<\/b><\/h2>\n<ul>\n<li><span style=\"font-weight: 400;\">Abrir o aplicativo <\/span><b>COM ACESSO A INTERNET<\/b><span style=\"font-weight: 400;\">. Inserir <\/span><b>LOGIN E SENHA.<\/b><span style=\"font-weight: 400;\"><br \/>\n<\/span><b><\/b><\/li>\n<\/ul>\n<p><b><img decoding=\"async\" class=\"aligncenter wp-image-4836\" src=\"https:\/\/blog.agrointeli.com.br\/blog\/wp-content\/uploads\/2021\/06\/Video-01.gif\" alt=\"\" width=\"227\" height=\"492\" \/><\/b><\/p>\n<ul>\n<li aria-level=\"1\">\n<h5><span style=\"font-weight: 400;\">Inserir <\/span><b>PROPRIEDADE E SAFR<\/b><b>A<\/b><\/h5>\n<\/li>\n<\/ul>\n<p><img decoding=\"async\" class=\"aligncenter wp-image-4839 \" src=\"https:\/\/blog.agrointeli.com.br\/blog\/wp-content\/uploads\/2021\/06\/Video-02.gif\" alt=\"\" width=\"212\" height=\"392\" \/><\/p>\n<h4><b>SEM ACESSO A INTERNET:<\/b><\/h4>\n<ul>\n<li style=\"font-weight: 400;\" aria-level=\"1\">\n<h5><span style=\"font-weight: 400;\">Selecionar a op\u00e7\u00e3o <\/span><b>MONITORAMENTO<\/b><span style=\"font-weight: 400;\"> no menu da tela principal;<\/span><\/h5>\n<\/li>\n<\/ul>\n<p><img decoding=\"async\" class=\"aligncenter wp-image-4840 \" src=\"https:\/\/blog.agrointeli.com.br\/blog\/wp-content\/uploads\/2021\/06\/Video-03.gif\" alt=\"\" width=\"202\" height=\"437\" \/><\/p>\n<ul>\n<li style=\"font-weight: 400;\" aria-level=\"1\">\n<h5><span style=\"font-weight: 400;\">Ao abrir a tela de monitoramento dever\u00e1 ser selecionado a <\/span><b>PROPRIEDADE, a SAFRA, o TALH\u00c3O, a CULTIVAR<\/b><span style=\"font-weight: 400;\">, ap\u00f3s isso, selecionar a op\u00e7\u00e3o <\/span><b>NOVO PONTO<\/b><span style=\"font-weight: 400;\">;<\/span><\/h5>\n<\/li>\n<\/ul>\n<p><img decoding=\"async\" class=\"aligncenter wp-image-4841 \" src=\"https:\/\/blog.agrointeli.com.br\/blog\/wp-content\/uploads\/2021\/06\/Video-04.gif\" alt=\"\" width=\"213\" height=\"461\" \/><\/p>\n<ul>\n<li style=\"font-weight: 400;\" aria-level=\"1\">\n<h5><span style=\"font-weight: 400;\">Selecionar a <\/span><b>FASE DO CICLO DA CULTURA<\/b><span style=\"font-weight: 400;\"> desejada;<\/span><\/h5>\n<\/li>\n<\/ul>\n<p><img decoding=\"async\" class=\"aligncenter wp-image-4842 \" src=\"https:\/\/blog.agrointeli.com.br\/blog\/wp-content\/uploads\/2021\/06\/Video-05.gif\" alt=\"\" width=\"202\" height=\"440\" \/><\/p>\n<h4>Selecionar a op\u00e7\u00e3o: <strong>PLANTAS DANINHAS<\/strong>;<\/h4>\n<p><img decoding=\"async\" class=\"aligncenter wp-image-4867 \" src=\"https:\/\/blog.agrointeli.com.br\/blog\/wp-content\/uploads\/2021\/07\/Video-01-plantas-daninhas.gif\" alt=\"\" width=\"206\" height=\"437\" \/><\/p>\n<h5>Selecionar as <strong>PLANTAS DANINHAS;<\/strong><br \/>\n<img decoding=\"async\" class=\"aligncenter wp-image-4868 \" src=\"https:\/\/blog.agrointeli.com.br\/blog\/wp-content\/uploads\/2021\/07\/video-02-plantas-daninhas.gif\" alt=\"\" width=\"228\" height=\"572\" \/><\/h5>\n<ul>\n<li style=\"font-weight: 400;\" aria-level=\"1\">\n<h5><span style=\"font-weight: 400;\">Avaliar de acordo com <strong>AS NOTAS DE 1 A 7<\/strong>;<br \/>\n<\/span><\/h5>\n<\/li>\n<\/ul>\n<p><img decoding=\"async\" class=\"aligncenter wp-image-4869 size-full\" src=\"https:\/\/blog.agrointeli.com.br\/blog\/wp-content\/uploads\/2021\/07\/Imagem-3.1.png\" alt=\"Plantas Daninhas\" width=\"707\" height=\"501\" srcset=\"https:\/\/blog.agrointeli.com.br\/blog\/wp-content\/uploads\/2021\/07\/Imagem-3.1.png 707w, https:\/\/blog.agrointeli.com.br\/blog\/wp-content\/uploads\/2021\/07\/Imagem-3.1-500x354.png 500w, https:\/\/blog.agrointeli.com.br\/blog\/wp-content\/uploads\/2021\/07\/Imagem-3.1-610x432.png 610w, https:\/\/blog.agrointeli.com.br\/blog\/wp-content\/uploads\/2021\/07\/Imagem-3.1-400x284.png 400w, https:\/\/blog.agrointeli.com.br\/blog\/wp-content\/uploads\/2021\/07\/Imagem-3.1-480x340.png 480w, https:\/\/blog.agrointeli.com.br\/blog\/wp-content\/uploads\/2021\/07\/Imagem-3.1-120x86.png 120w\" sizes=\"(max-width: 707px) 100vw, 707px\" \/><\/p>\n<ul>\n<li>\n<h5><span style=\"font-weight: 400;\">Selecionar <\/span><b>ADICIONAR<\/b><span style=\"font-weight: 400;\"> e aguardar a <\/span><b>AGUARDA A MENSAGEM DE RETORNO<\/b><span style=\"font-weight: 400;\"> do APP;<\/span><span style=\"font-weight: 400;\"><br \/>\n<\/span><\/h5>\n<\/li>\n<\/ul>\n<p><img decoding=\"async\" class=\"aligncenter wp-image-4870 size-full\" src=\"https:\/\/blog.agrointeli.com.br\/blog\/wp-content\/uploads\/2021\/07\/Imagem-3.2.jpg\" alt=\"\" width=\"717\" height=\"497\" srcset=\"https:\/\/blog.agrointeli.com.br\/blog\/wp-content\/uploads\/2021\/07\/Imagem-3.2.jpg 717w, https:\/\/blog.agrointeli.com.br\/blog\/wp-content\/uploads\/2021\/07\/Imagem-3.2-500x347.jpg 500w, https:\/\/blog.agrointeli.com.br\/blog\/wp-content\/uploads\/2021\/07\/Imagem-3.2-610x423.jpg 610w, https:\/\/blog.agrointeli.com.br\/blog\/wp-content\/uploads\/2021\/07\/Imagem-3.2-480x333.jpg 480w\" sizes=\"(max-width: 717px) 100vw, 717px\" \/><\/p>\n<p><img decoding=\"async\" class=\"aligncenter wp-image-4871 size-full\" src=\"https:\/\/blog.agrointeli.com.br\/blog\/wp-content\/uploads\/2021\/07\/Imagem-3.3.png\" alt=\"\" width=\"712\" height=\"500\" srcset=\"https:\/\/blog.agrointeli.com.br\/blog\/wp-content\/uploads\/2021\/07\/Imagem-3.3.png 712w, https:\/\/blog.agrointeli.com.br\/blog\/wp-content\/uploads\/2021\/07\/Imagem-3.3-500x351.png 500w, https:\/\/blog.agrointeli.com.br\/blog\/wp-content\/uploads\/2021\/07\/Imagem-3.3-610x428.png 610w, https:\/\/blog.agrointeli.com.br\/blog\/wp-content\/uploads\/2021\/07\/Imagem-3.3-480x337.png 480w\" sizes=\"(max-width: 712px) 100vw, 712px\" \/><\/p>\n<ul>\n<li>\n<h5><span style=\"font-weight: 400;\">Selecionar <strong>AVAN\u00c7AR<\/strong> ap\u00f3s todas as adi\u00e7\u00f5es de plantas daninhas;<\/span><\/h5>\n<\/li>\n<\/ul>\n<p><img decoding=\"async\" class=\"aligncenter wp-image-4872 size-full\" src=\"https:\/\/blog.agrointeli.com.br\/blog\/wp-content\/uploads\/2021\/07\/Imagem-3.4.png\" alt=\"\" width=\"711\" height=\"505\" srcset=\"https:\/\/blog.agrointeli.com.br\/blog\/wp-content\/uploads\/2021\/07\/Imagem-3.4.png 711w, https:\/\/blog.agrointeli.com.br\/blog\/wp-content\/uploads\/2021\/07\/Imagem-3.4-500x355.png 500w, https:\/\/blog.agrointeli.com.br\/blog\/wp-content\/uploads\/2021\/07\/Imagem-3.4-610x433.png 610w, https:\/\/blog.agrointeli.com.br\/blog\/wp-content\/uploads\/2021\/07\/Imagem-3.4-400x284.png 400w, https:\/\/blog.agrointeli.com.br\/blog\/wp-content\/uploads\/2021\/07\/Imagem-3.4-480x341.png 480w, https:\/\/blog.agrointeli.com.br\/blog\/wp-content\/uploads\/2021\/07\/Imagem-3.4-120x86.png 120w, https:\/\/blog.agrointeli.com.br\/blog\/wp-content\/uploads\/2021\/07\/Imagem-3.4-350x250.png 350w\" sizes=\"(max-width: 711px) 100vw, 711px\" \/><\/p>\n<p><img decoding=\"async\" class=\"aligncenter wp-image-4873 size-full\" src=\"https:\/\/blog.agrointeli.com.br\/blog\/wp-content\/uploads\/2021\/07\/Imagem-3.5.png\" alt=\"\" width=\"702\" height=\"497\" srcset=\"https:\/\/blog.agrointeli.com.br\/blog\/wp-content\/uploads\/2021\/07\/Imagem-3.5.png 702w, https:\/\/blog.agrointeli.com.br\/blog\/wp-content\/uploads\/2021\/07\/Imagem-3.5-500x354.png 500w, https:\/\/blog.agrointeli.com.br\/blog\/wp-content\/uploads\/2021\/07\/Imagem-3.5-610x432.png 610w, https:\/\/blog.agrointeli.com.br\/blog\/wp-content\/uploads\/2021\/07\/Imagem-3.5-400x284.png 400w, https:\/\/blog.agrointeli.com.br\/blog\/wp-content\/uploads\/2021\/07\/Imagem-3.5-480x340.png 480w, https:\/\/blog.agrointeli.com.br\/blog\/wp-content\/uploads\/2021\/07\/Imagem-3.5-120x86.png 120w\" sizes=\"(max-width: 702px) 100vw, 702px\" \/><\/p>\n<ul>\n<li style=\"font-weight: 400;\" aria-level=\"1\">\n<h5>Para finalizar o ponto monitorado:<\/h5>\n<\/li>\n<\/ul>\n<p><img decoding=\"async\" class=\"aligncenter wp-image-4845 \" src=\"https:\/\/blog.agrointeli.com.br\/blog\/wp-content\/uploads\/2021\/06\/Video-06.gif\" alt=\"\" width=\"205\" height=\"442\" \/><\/p>\n<ul>\n<li>\n<h5>Escrever <strong>OBSERVA\u00c7\u00d5ES<\/strong> no ponto monitorado (caso haja alguma a ser feita):<\/h5>\n<\/li>\n<li>\n<h5>\u00a0selecionar <strong>FINALIZAR<\/strong> para SALVAR o ponto monitorado;<\/h5>\n<\/li>\n<\/ul>\n<p><img decoding=\"async\" class=\"aligncenter wp-image-4874 size-full\" src=\"https:\/\/blog.agrointeli.com.br\/blog\/wp-content\/uploads\/2021\/07\/Imagem-3.6.png\" alt=\"\" width=\"712\" height=\"505\" srcset=\"https:\/\/blog.agrointeli.com.br\/blog\/wp-content\/uploads\/2021\/07\/Imagem-3.6.png 712w, https:\/\/blog.agrointeli.com.br\/blog\/wp-content\/uploads\/2021\/07\/Imagem-3.6-500x355.png 500w, https:\/\/blog.agrointeli.com.br\/blog\/wp-content\/uploads\/2021\/07\/Imagem-3.6-610x433.png 610w, https:\/\/blog.agrointeli.com.br\/blog\/wp-content\/uploads\/2021\/07\/Imagem-3.6-400x284.png 400w, https:\/\/blog.agrointeli.com.br\/blog\/wp-content\/uploads\/2021\/07\/Imagem-3.6-480x340.png 480w, https:\/\/blog.agrointeli.com.br\/blog\/wp-content\/uploads\/2021\/07\/Imagem-3.6-120x86.png 120w\" sizes=\"(max-width: 712px) 100vw, 712px\" \/><\/p>\n<ul>\n<li>\n<h5><b><b>Para visualizar os resultados do monitoramento:<\/b><\/b><\/h5>\n<p><img decoding=\"async\" class=\"aligncenter wp-image-4875 \" src=\"https:\/\/blog.agrointeli.com.br\/blog\/wp-content\/uploads\/2021\/07\/Video-03-plantas-daninhas.gif\" alt=\"\" width=\"242\" height=\"516\" \/><\/li>\n<li>\n<h5><span style=\"font-weight: 400;\">Selecionar a op\u00e7\u00e3o: <\/span><b>RESULTADOS<\/b><\/h5>\n<\/li>\n<\/ul>\n<p><img decoding=\"async\" class=\"aligncenter wp-image-4852 size-full\" src=\"https:\/\/blog.agrointeli.com.br\/blog\/wp-content\/uploads\/2021\/06\/imagem-1.8.png\" alt=\"\" width=\"714\" height=\"504\" srcset=\"https:\/\/blog.agrointeli.com.br\/blog\/wp-content\/uploads\/2021\/06\/imagem-1.8.png 714w, https:\/\/blog.agrointeli.com.br\/blog\/wp-content\/uploads\/2021\/06\/imagem-1.8-500x353.png 500w, https:\/\/blog.agrointeli.com.br\/blog\/wp-content\/uploads\/2021\/06\/imagem-1.8-610x431.png 610w, https:\/\/blog.agrointeli.com.br\/blog\/wp-content\/uploads\/2021\/06\/imagem-1.8-480x339.png 480w, https:\/\/blog.agrointeli.com.br\/blog\/wp-content\/uploads\/2021\/06\/imagem-1.8-120x86.png 120w\" sizes=\"(max-width: 714px) 100vw, 714px\" \/><\/p>\n<ul>\n<li>\n<h5>Selecionar a op\u00e7\u00e3o: <b><strong>PLANTAS DANINHAS <\/strong><\/b><\/h5>\n<\/li>\n<\/ul>\n<p><img decoding=\"async\" class=\"aligncenter wp-image-4876 size-full\" src=\"https:\/\/blog.agrointeli.com.br\/blog\/wp-content\/uploads\/2021\/07\/Imagem-3.7.png\" alt=\"\" width=\"709\" height=\"501\" srcset=\"https:\/\/blog.agrointeli.com.br\/blog\/wp-content\/uploads\/2021\/07\/Imagem-3.7.png 709w, https:\/\/blog.agrointeli.com.br\/blog\/wp-content\/uploads\/2021\/07\/Imagem-3.7-500x353.png 500w, https:\/\/blog.agrointeli.com.br\/blog\/wp-content\/uploads\/2021\/07\/Imagem-3.7-610x431.png 610w, https:\/\/blog.agrointeli.com.br\/blog\/wp-content\/uploads\/2021\/07\/Imagem-3.7-400x284.png 400w, https:\/\/blog.agrointeli.com.br\/blog\/wp-content\/uploads\/2021\/07\/Imagem-3.7-480x339.png 480w, https:\/\/blog.agrointeli.com.br\/blog\/wp-content\/uploads\/2021\/07\/Imagem-3.7-120x86.png 120w\" sizes=\"(max-width: 709px) 100vw, 709px\" \/><\/p>\n<ul>\n<li>\n<h5><b>Selecionar a op\u00e7\u00e3o: <strong>TALH\u00c3O<\/strong><\/b><\/h5>\n<\/li>\n<\/ul>\n<p><img decoding=\"async\" class=\"aligncenter wp-image-4854 size-full\" src=\"https:\/\/blog.agrointeli.com.br\/blog\/wp-content\/uploads\/2021\/06\/imagem-2.0.png\" alt=\"\" width=\"711\" height=\"507\" srcset=\"https:\/\/blog.agrointeli.com.br\/blog\/wp-content\/uploads\/2021\/06\/imagem-2.0.png 711w, https:\/\/blog.agrointeli.com.br\/blog\/wp-content\/uploads\/2021\/06\/imagem-2.0-500x357.png 500w, https:\/\/blog.agrointeli.com.br\/blog\/wp-content\/uploads\/2021\/06\/imagem-2.0-610x435.png 610w, https:\/\/blog.agrointeli.com.br\/blog\/wp-content\/uploads\/2021\/06\/imagem-2.0-400x284.png 400w, https:\/\/blog.agrointeli.com.br\/blog\/wp-content\/uploads\/2021\/06\/imagem-2.0-480x342.png 480w, https:\/\/blog.agrointeli.com.br\/blog\/wp-content\/uploads\/2021\/06\/imagem-2.0-120x86.png 120w, https:\/\/blog.agrointeli.com.br\/blog\/wp-content\/uploads\/2021\/06\/imagem-2.0-350x250.png 350w\" sizes=\"(max-width: 711px) 100vw, 711px\" \/><\/p>\n<h5><span style=\"font-weight: 400;\">Visualizar os<\/span><b> DADOS<\/b><b><br \/>\n<\/b><\/h5>\n<p><img decoding=\"async\" class=\"aligncenter wp-image-4877 size-full\" src=\"https:\/\/blog.agrointeli.com.br\/blog\/wp-content\/uploads\/2021\/07\/Imagem-3.8.png\" alt=\"\" width=\"709\" height=\"507\" srcset=\"https:\/\/blog.agrointeli.com.br\/blog\/wp-content\/uploads\/2021\/07\/Imagem-3.8.png 709w, https:\/\/blog.agrointeli.com.br\/blog\/wp-content\/uploads\/2021\/07\/Imagem-3.8-500x358.png 500w, https:\/\/blog.agrointeli.com.br\/blog\/wp-content\/uploads\/2021\/07\/Imagem-3.8-610x436.png 610w, https:\/\/blog.agrointeli.com.br\/blog\/wp-content\/uploads\/2021\/07\/Imagem-3.8-480x343.png 480w, https:\/\/blog.agrointeli.com.br\/blog\/wp-content\/uploads\/2021\/07\/Imagem-3.8-120x86.png 120w, https:\/\/blog.agrointeli.com.br\/blog\/wp-content\/uploads\/2021\/07\/Imagem-3.8-350x250.png 350w\" sizes=\"(max-width: 709px) 100vw, 709px\" \/><\/p>\n<p><span style=\"font-weight: 400;\">A tecnologia Agrointeli \u00e9 uma aliada do agricultor. Al\u00e9m de facilitar o processo de monitoramento da lavoura, tamb\u00e9m poder\u00e1 reduzir o uso de defensivos gerando economia para o agricultor e possibilita utilizar o m\u00e1ximo potencial gen\u00e9tico das cultivares podendo aumentar a produtividade da lavoura. Voc\u00ea vai continuar anotando dados no papel e perdendo tempo organizando estes dados e as fotos da lavoura?<\/span><\/p>\n<p><a href=\"https:\/\/materiais.agrointeli.com.br\/demonstracao-mip-em-27-segundos\"><img decoding=\"async\" class=\"aligncenter wp-image-4579 size-full\" src=\"https:\/\/blog.agrointeli.com.br\/blog\/wp-content\/uploads\/2020\/05\/banner-6k-x-1k-px-2.png\" alt=\"\" width=\"4000\" height=\"1000\" srcset=\"https:\/\/blog.agrointeli.com.br\/blog\/wp-content\/uploads\/2020\/05\/banner-6k-x-1k-px-2.png 4000w, https:\/\/blog.agrointeli.com.br\/blog\/wp-content\/uploads\/2020\/05\/banner-6k-x-1k-px-2-500x125.png 500w, https:\/\/blog.agrointeli.com.br\/blog\/wp-content\/uploads\/2020\/05\/banner-6k-x-1k-px-2-2000x500.png 2000w, https:\/\/blog.agrointeli.com.br\/blog\/wp-content\/uploads\/2020\/05\/banner-6k-x-1k-px-2-768x192.png 768w, https:\/\/blog.agrointeli.com.br\/blog\/wp-content\/uploads\/2020\/05\/banner-6k-x-1k-px-2-1536x384.png 1536w, https:\/\/blog.agrointeli.com.br\/blog\/wp-content\/uploads\/2020\/05\/banner-6k-x-1k-px-2-2048x512.png 2048w, https:\/\/blog.agrointeli.com.br\/blog\/wp-content\/uploads\/2020\/05\/banner-6k-x-1k-px-2-610x153.png 610w, https:\/\/blog.agrointeli.com.br\/blog\/wp-content\/uploads\/2020\/05\/banner-6k-x-1k-px-2-1080x270.png 1080w, https:\/\/blog.agrointeli.com.br\/blog\/wp-content\/uploads\/2020\/05\/banner-6k-x-1k-px-2-1280x320.png 1280w, https:\/\/blog.agrointeli.com.br\/blog\/wp-content\/uploads\/2020\/05\/banner-6k-x-1k-px-2-980x245.png 980w, https:\/\/blog.agrointeli.com.br\/blog\/wp-content\/uploads\/2020\/05\/banner-6k-x-1k-px-2-480x120.png 480w, https:\/\/blog.agrointeli.com.br\/blog\/wp-content\/uploads\/2020\/05\/banner-6k-x-1k-px-2-750x188.png 750w, https:\/\/blog.agrointeli.com.br\/blog\/wp-content\/uploads\/2020\/05\/banner-6k-x-1k-px-2-1140x285.png 1140w\" sizes=\"(max-width: 4000px) 100vw, 4000px\" \/><\/a><\/p>\n","protected":false},"excerpt":{"rendered":"<p>Com safras e n\u00fameros recordes, o agroneg\u00f3cio brasileiro traz cada dia mais para a nossa realidade quest\u00f5es ambientais e sociais importantes: Como utilizar defensivos na lavoura garantindo a sustentabilidade nos processos de produ\u00e7\u00e3o? Para produzir de forma sustent\u00e1vel, o agricultor realiza semanalmente o monitoramento das lavouras. Sabemos que pragas, doen\u00e7as e plantas daninhas est\u00e3o presentes [&hellip;]<\/p>\n","protected":false},"author":1,"featured_media":4939,"comment_status":"open","ping_status":"closed","sticky":false,"template":"","format":"standard","meta":{"_coblocks_attr":"","_coblocks_dimensions":"","_coblocks_responsive_height":"","_coblocks_accordion_ie_support":"","_mi_skip_tracking":false,"spay_email":""},"categories":[43],"tags":[],"jetpack_featured_media_url":"https:\/\/blog.agrointeli.com.br\/blog\/wp-content\/uploads\/2021\/07\/Pasto-Extraordinario-plantas-daninhas-leiteiro-leiteira.png","_links":{"self":[{"href":"https:\/\/blog.agrointeli.com.br\/blog\/wp-json\/wp\/v2\/posts\/4866"}],"collection":[{"href":"https:\/\/blog.agrointeli.com.br\/blog\/wp-json\/wp\/v2\/posts"}],"about":[{"href":"https:\/\/blog.agrointeli.com.br\/blog\/wp-json\/wp\/v2\/types\/post"}],"author":[{"embeddable":true,"href":"https:\/\/blog.agrointeli.com.br\/blog\/wp-json\/wp\/v2\/users\/1"}],"replies":[{"embeddable":true,"href":"https:\/\/blog.agrointeli.com.br\/blog\/wp-json\/wp\/v2\/comments?post=4866"}],"version-history":[{"count":5,"href":"https:\/\/blog.agrointeli.com.br\/blog\/wp-json\/wp\/v2\/posts\/4866\/revisions"}],"predecessor-version":[{"id":5770,"href":"https:\/\/blog.agrointeli.com.br\/blog\/wp-json\/wp\/v2\/posts\/4866\/revisions\/5770"}],"wp:featuredmedia":[{"embeddable":true,"href":"https:\/\/blog.agrointeli.com.br\/blog\/wp-json\/wp\/v2\/media\/4939"}],"wp:attachment":[{"href":"https:\/\/blog.agrointeli.com.br\/blog\/wp-json\/wp\/v2\/media?parent=4866"}],"wp:term":[{"taxonomy":"category","embeddable":true,"href":"https:\/\/blog.agrointeli.com.br\/blog\/wp-json\/wp\/v2\/categories?post=4866"},{"taxonomy":"post_tag","embeddable":true,"href":"https:\/\/blog.agrointeli.com.br\/blog\/wp-json\/wp\/v2\/tags?post=4866"}],"curies":[{"name":"wp","href":"https:\/\/api.w.org\/{rel}","templated":true}]}}