{"id":4796,"date":"2021-07-16T14:35:08","date_gmt":"2021-07-16T18:35:08","guid":{"rendered":"https:\/\/blog.agrointeli.com.br\/blog\/?p=4796"},"modified":"2022-12-15T13:40:47","modified_gmt":"2022-12-15T17:40:47","slug":"gestao-rural-gestao-tecnicos-agricolas","status":"publish","type":"post","link":"https:\/\/blog.agrointeli.com.br\/blog\/gestao-rural-gestao-tecnicos-agricolas\/","title":{"rendered":"Gest\u00e3o Rural: Como fazer a gest\u00e3o de t\u00e9cnicos Agr\u00edcolas de Campo"},"content":{"rendered":"<p><span style=\"font-weight: 400;\">A agricultura brasileira \u00e9 uma das mais pr\u00f3speras do mundo e conta com muitas tecnologias de ponta. No entanto, as boas pr\u00e1ticas de manejo, por vezes, n\u00e3o s\u00e3o acompanhadas por uma gest\u00e3o rural mais eficiente do neg\u00f3cio.<\/span><\/p>\n<p><img decoding=\"async\" class=\"aligncenter wp-image-4797 size-full\" src=\"https:\/\/blog.agrointeli.com.br\/blog\/wp-content\/uploads\/2021\/06\/gestao-de-agronegocios-conceito-mercado-de-trabalho-curso.jpg\" alt=\"Gest\u00e3o Rural\" width=\"1000\" height=\"563\" srcset=\"https:\/\/blog.agrointeli.com.br\/blog\/wp-content\/uploads\/2021\/06\/gestao-de-agronegocios-conceito-mercado-de-trabalho-curso.jpg 1000w, https:\/\/blog.agrointeli.com.br\/blog\/wp-content\/uploads\/2021\/06\/gestao-de-agronegocios-conceito-mercado-de-trabalho-curso-500x282.jpg 500w, https:\/\/blog.agrointeli.com.br\/blog\/wp-content\/uploads\/2021\/06\/gestao-de-agronegocios-conceito-mercado-de-trabalho-curso-768x432.jpg 768w, https:\/\/blog.agrointeli.com.br\/blog\/wp-content\/uploads\/2021\/06\/gestao-de-agronegocios-conceito-mercado-de-trabalho-curso-610x343.jpg 610w, https:\/\/blog.agrointeli.com.br\/blog\/wp-content\/uploads\/2021\/06\/gestao-de-agronegocios-conceito-mercado-de-trabalho-curso-980x552.jpg 980w, https:\/\/blog.agrointeli.com.br\/blog\/wp-content\/uploads\/2021\/06\/gestao-de-agronegocios-conceito-mercado-de-trabalho-curso-480x270.jpg 480w, https:\/\/blog.agrointeli.com.br\/blog\/wp-content\/uploads\/2021\/06\/gestao-de-agronegocios-conceito-mercado-de-trabalho-curso-750x422.jpg 750w\" sizes=\"(max-width: 1000px) 100vw, 1000px\" \/><\/p>\n<div id=\"fufu-blog-gestao-rural-como-fazer-a-gestao-de-tecnicos-agricolas-de-campo-24dacbbec2f5e3f17760\" role=\"main\"><\/div>\n<p><script type=\"text\/javascript\" src=\"https:\/\/d335luupugsy2.cloudfront.net\/js\/rdstation-forms\/stable\/rdstation-forms.min.js\"><\/script><script type=\"text\/javascript\"> new RDStationForms('fufu-blog-gestao-rural-como-fazer-a-gestao-de-tecnicos-agricolas-de-campo-24dacbbec2f5e3f17760', 'UA-160168076-1').createForm();<\/script><\/p>\n<p><span style=\"font-weight: 400;\">O sucesso da atividade rural depende da ado\u00e7\u00e3o de boas pr\u00e1ticas de gest\u00e3o, englobando tamb\u00e9m uma boa gest\u00e3o de t\u00e9cnicos agr\u00edcolas de campo. Afinal, s\u00e3o eles que exercem as atividades di\u00e1rias no dia a dia do campo, contribuindo (ou prejudicando) com a produtividade.<\/span><\/p>\n<p><span style=\"font-weight: 400;\">Por isso, \u00e9 bastante importante priorizar a gest\u00e3o rural de t\u00e9cnicos agr\u00edcolas de campo, dando prioridade \u00e0s melhores pr\u00e1ticas.\u00a0<\/span><\/p>\n<p><span style=\"font-weight: 400;\">Te convidamos a acompanhar a import\u00e2ncia da gest\u00e3o de t\u00e9cnicos agr\u00edcolas, al\u00e9m de algumas dicas para que ela seja realizada da melhor forma.\u00a0<\/span><\/p>\n<p>&nbsp;<\/p>\n<h2><b>Porque priorizar a gest\u00e3o de t\u00e9cnicos agr\u00edcolas na sua fazenda?<\/b><\/h2>\n<p><img decoding=\"async\" class=\"wp-image-4798 size-full\" src=\"https:\/\/blog.agrointeli.com.br\/blog\/wp-content\/uploads\/2021\/06\/Gestao-do-Agronegocio_UnescPG-scaled.jpeg\" alt=\"\" width=\"2560\" height=\"1695\" srcset=\"https:\/\/blog.agrointeli.com.br\/blog\/wp-content\/uploads\/2021\/06\/Gestao-do-Agronegocio_UnescPG-scaled.jpeg 2560w, https:\/\/blog.agrointeli.com.br\/blog\/wp-content\/uploads\/2021\/06\/Gestao-do-Agronegocio_UnescPG-500x331.jpeg 500w, https:\/\/blog.agrointeli.com.br\/blog\/wp-content\/uploads\/2021\/06\/Gestao-do-Agronegocio_UnescPG-2000x1324.jpeg 2000w, https:\/\/blog.agrointeli.com.br\/blog\/wp-content\/uploads\/2021\/06\/Gestao-do-Agronegocio_UnescPG-768x509.jpeg 768w, https:\/\/blog.agrointeli.com.br\/blog\/wp-content\/uploads\/2021\/06\/Gestao-do-Agronegocio_UnescPG-1536x1017.jpeg 1536w, https:\/\/blog.agrointeli.com.br\/blog\/wp-content\/uploads\/2021\/06\/Gestao-do-Agronegocio_UnescPG-2048x1356.jpeg 2048w, https:\/\/blog.agrointeli.com.br\/blog\/wp-content\/uploads\/2021\/06\/Gestao-do-Agronegocio_UnescPG-610x404.jpeg 610w, https:\/\/blog.agrointeli.com.br\/blog\/wp-content\/uploads\/2021\/06\/Gestao-do-Agronegocio_UnescPG-1080x715.jpeg 1080w, https:\/\/blog.agrointeli.com.br\/blog\/wp-content\/uploads\/2021\/06\/Gestao-do-Agronegocio_UnescPG-1280x848.jpeg 1280w, https:\/\/blog.agrointeli.com.br\/blog\/wp-content\/uploads\/2021\/06\/Gestao-do-Agronegocio_UnescPG-980x649.jpeg 980w, https:\/\/blog.agrointeli.com.br\/blog\/wp-content\/uploads\/2021\/06\/Gestao-do-Agronegocio_UnescPG-480x318.jpeg 480w, https:\/\/blog.agrointeli.com.br\/blog\/wp-content\/uploads\/2021\/06\/Gestao-do-Agronegocio_UnescPG-750x497.jpeg 750w, https:\/\/blog.agrointeli.com.br\/blog\/wp-content\/uploads\/2021\/06\/Gestao-do-Agronegocio_UnescPG-1140x755.jpeg 1140w\" sizes=\"(max-width: 2560px) 100vw, 2560px\" \/><\/p>\n<p><span style=\"font-weight: 400;\">Atualmente, mais do que um especialista t\u00e9cnico, o agroneg\u00f3cio demanda administradores e empres\u00e1rios rurais que sejam capazes de atuar nos mais diversos fatores relacionados ao agroneg\u00f3cio: propriedade, m\u00e1quinas e implementos, controle de pragas, pessoal, financeiro, estoque, \u00e1gua e insumos, etc.<\/span><\/p>\n<p><span style=\"font-weight: 400;\">Diante disso, um dos maiores desafios do agroneg\u00f3cio \u00e9 sem d\u00favidas ter uma m\u00e3o de obra que seja qualificada, com esse sendo um fator important\u00edssimo a ser observado pelo gestor da fazenda.<\/span><\/p>\n<p><span style=\"font-weight: 400;\">Por\u00e9m, muitos produtores est\u00e3o tendo dificuldades em encontrar pessoal especializado para o trabalho no campo em atividades que envolvem:\u00a0<\/span><\/p>\n<ul>\n<li style=\"font-weight: 400;\" aria-level=\"1\"><span style=\"font-weight: 400;\">Opera\u00e7\u00f5es de m\u00e1quinas (que exigem forma\u00e7\u00e3o adequada);\u00a0<\/span><\/li>\n<li style=\"font-weight: 400;\" aria-level=\"1\"><span style=\"font-weight: 400;\">Fun\u00e7\u00f5es t\u00e9cnicas espec\u00edficas;\u00a0<\/span><\/li>\n<li style=\"font-weight: 400;\" aria-level=\"1\"><span style=\"font-weight: 400;\">Conhecimento sobre correto uso da tecnologia no campo, amplamente utilizada no segmento para melhoria das atividades rurais.\u00a0<\/span><\/li>\n<\/ul>\n<p><span style=\"font-weight: 400;\">Hoje em dia \u00e9 necess\u00e1rio forma\u00e7\u00e3o e capacita\u00e7\u00e3o para muitas fun\u00e7\u00f5es espec\u00edficas. Assim, cabe ao gestor estimular seus colaboradores sobre a import\u00e2ncia da atividade exercida por cada um e delegar atividades espec\u00edficas para profissionais habilitados. Isso gera excelentes resultados.<\/span><\/p>\n<p><span style=\"font-weight: 400;\">Aqui entra tamb\u00e9m a gest\u00e3o de recursos financeiros, afinal a busca por profissionais habilitados e mais qualificados pode ter um custo maior, mas tende a gerar melhores resultados produtivos.<\/span><\/p>\n<p><span style=\"font-weight: 400;\">Diante disso tudo, para que voc\u00ea seja um bom l\u00edder e priorize uma gest\u00e3o rural de mais qualidade, seguir algumas dicas \u00e9 imprescind\u00edvel, como vemos logo a seguir.<\/span><\/p>\n<p><a href=\"https:\/\/materiais.agrointeli.com.br\/demonstracao-lp?utm_source=Blog&amp;utm_medium=blogbanner&amp;utm_campaign=BANNER\"><img decoding=\"async\" class=\"alignnone size-full wp-image-6640\" src=\"https:\/\/blog.agrointeli.com.br\/blog\/wp-content\/uploads\/2020\/09\/banner-BLOG-6k-x-1k-px-11.png\" alt=\"agrointeli\" width=\"4000\" height=\"1000\" srcset=\"https:\/\/blog.agrointeli.com.br\/blog\/wp-content\/uploads\/2020\/09\/banner-BLOG-6k-x-1k-px-11.png 4000w, https:\/\/blog.agrointeli.com.br\/blog\/wp-content\/uploads\/2020\/09\/banner-BLOG-6k-x-1k-px-11-500x125.png 500w, https:\/\/blog.agrointeli.com.br\/blog\/wp-content\/uploads\/2020\/09\/banner-BLOG-6k-x-1k-px-11-2000x500.png 2000w, https:\/\/blog.agrointeli.com.br\/blog\/wp-content\/uploads\/2020\/09\/banner-BLOG-6k-x-1k-px-11-768x192.png 768w, https:\/\/blog.agrointeli.com.br\/blog\/wp-content\/uploads\/2020\/09\/banner-BLOG-6k-x-1k-px-11-1536x384.png 1536w, https:\/\/blog.agrointeli.com.br\/blog\/wp-content\/uploads\/2020\/09\/banner-BLOG-6k-x-1k-px-11-2048x512.png 2048w, https:\/\/blog.agrointeli.com.br\/blog\/wp-content\/uploads\/2020\/09\/banner-BLOG-6k-x-1k-px-11-610x153.png 610w, https:\/\/blog.agrointeli.com.br\/blog\/wp-content\/uploads\/2020\/09\/banner-BLOG-6k-x-1k-px-11-750x188.png 750w, https:\/\/blog.agrointeli.com.br\/blog\/wp-content\/uploads\/2020\/09\/banner-BLOG-6k-x-1k-px-11-1140x285.png 1140w\" sizes=\"(max-width: 4000px) 100vw, 4000px\" \/><\/a><\/p>\n<p>&nbsp;<\/p>\n<h2><b>Dicas de gest\u00e3o rural para ser um bom l\u00edder de t\u00e9cnicos de campo<\/b><\/h2>\n<p><span style=\"font-weight: 400;\">Para que voc\u00ea seja um bom l\u00edder e tenha capacidade de gerenciar toda a equipe de trabalho no campo \u00e9 essencial que voc\u00ea tenha algumas qualidades essenciais, como as ressaltadas no v\u00eddeo abaixo apresentado por <\/span><b>Thiago Concer<\/b><span style=\"font-weight: 400;\">.<\/span><\/p>\n<p><iframe title=\"4 Dicas para Gerenciar Equipes COMERCIAIS\" width=\"800\" height=\"450\" src=\"https:\/\/www.youtube.com\/embed\/GdVnryCeIVY?feature=oembed&#038;enablejsapi=1&#038;origin=https:\/\/blog.agrointeli.com.br\" frameborder=\"0\" allow=\"accelerometer; autoplay; clipboard-write; encrypted-media; gyroscope; picture-in-picture\" allowfullscreen><\/iframe><\/p>\n<p><span style=\"font-weight: 400;\">A primeira dessas qualidades est\u00e1 relacionada ao como seus colaboradores olham para voc\u00ea, afinal <\/span><b>quem legitima o l\u00edder \u00e9 a equipe por ele liderada<\/b><span style=\"font-weight: 400;\"> e n\u00e3o quem est\u00e1 em um n\u00edvel superior.\u00a0<\/span><\/p>\n<p><span style=\"font-weight: 400;\">Para ser um l\u00edder de fato, voc\u00ea deve \u201cganhar\u201d sua equipe de trabalho. Para isso, uma estrat\u00e9gia \u00e9 se colocar ao lado do l\u00edder t\u00e9cnico da equipe, ou seja, aquele que est\u00e1 no mesmo n\u00edvel, mas exerce influ\u00eancia sobre a equipe.<\/span><\/p>\n<p><span style=\"font-weight: 400;\">Cabe a esse gestor entender tamb\u00e9m que em <\/span><b>qualquer equipe h\u00e1 pessoas ingratas, desinteressadas e que s\u00f3 contribuem negativamente com a fazenda<\/b><span style=\"font-weight: 400;\">. Essas s\u00e3o as pessoas que, mesmo diante das melhores condi\u00e7\u00f5es de trabalho, sal\u00e1rio e feedback, n\u00e3o v\u00e3o querer mudar seu jeito de agir. Cabe ao gestor tomar a decis\u00e3o certa com essa pessoa, incluindo at\u00e9 a demiss\u00e3o.<\/span><\/p>\n<p><span style=\"font-weight: 400;\">Tamb\u00e9m \u00e9 importante que o l\u00edder <\/span><b>defina o que n\u00e3o \u00e9 negoci\u00e1vel<\/b><span style=\"font-weight: 400;\"> dentro da equipe de trabalho no campo. Existir\u00e3o pessoas que v\u00e3o querer \u201cenrolar\u201d o gestor, mas quando souberem o que n\u00e3o \u00e9 negoci\u00e1vel, saber\u00e3o que esse limite n\u00e3o pode ser ultrapassado, pois \u201cn\u00e3o vai colar!\u201d.\u00a0\u00a0<\/span><\/p>\n<p><span style=\"font-weight: 400;\">Por fim, \u00e9 preciso que o gestor entenda que <\/span><b>ser\u00e1 a equipe que far\u00e1 o sucesso ou o fracasso da sua gest\u00e3o rural<\/b><span style=\"font-weight: 400;\"> e consequentemente do neg\u00f3cio. Portanto, \u00e9 preciso recrutar os melhores colaboradores para sua equipe, al\u00e9m de promover treinamentos constantes e recorrentes dos trabalhadores.\u00a0<\/span><\/p>\n<p><span style=\"font-weight: 400;\">Colaboradores qualificados e capacitados sempre ser\u00e3o o ponto de partida para que a propriedade consiga produzir mais e melhor!<\/span><\/p>\n<p>&nbsp;<\/p>\n<h2><b>Como melhorar as atividades relacionadas \u00e0 gest\u00e3o rural?<\/b><\/h2>\n<p><span style=\"font-weight: 400;\">Vimos anteriormente 4 dicas para que um bom l\u00edder promova uma gest\u00e3o da equipe de trabalho baseada na m\u00e1xima efici\u00eancia. Mas com a equipe j\u00e1 definida \u00e9 preciso priorizar tamb\u00e9m algumas estrat\u00e9gias para que as atividades di\u00e1rias sejam melhor realizadas.<\/span><\/p>\n<p><img decoding=\"async\" class=\"aligncenter wp-image-4799 size-full\" src=\"https:\/\/blog.agrointeli.com.br\/blog\/wp-content\/uploads\/2021\/06\/2654391-e1588017804173.jpg\" alt=\"\" width=\"1200\" height=\"801\" srcset=\"https:\/\/blog.agrointeli.com.br\/blog\/wp-content\/uploads\/2021\/06\/2654391-e1588017804173.jpg 1200w, https:\/\/blog.agrointeli.com.br\/blog\/wp-content\/uploads\/2021\/06\/2654391-e1588017804173-500x334.jpg 500w, https:\/\/blog.agrointeli.com.br\/blog\/wp-content\/uploads\/2021\/06\/2654391-e1588017804173-768x513.jpg 768w, https:\/\/blog.agrointeli.com.br\/blog\/wp-content\/uploads\/2021\/06\/2654391-e1588017804173-610x407.jpg 610w, https:\/\/blog.agrointeli.com.br\/blog\/wp-content\/uploads\/2021\/06\/2654391-e1588017804173-1080x721.jpg 1080w, https:\/\/blog.agrointeli.com.br\/blog\/wp-content\/uploads\/2021\/06\/2654391-e1588017804173-980x654.jpg 980w, https:\/\/blog.agrointeli.com.br\/blog\/wp-content\/uploads\/2021\/06\/2654391-e1588017804173-480x320.jpg 480w, https:\/\/blog.agrointeli.com.br\/blog\/wp-content\/uploads\/2021\/06\/2654391-e1588017804173-750x501.jpg 750w, https:\/\/blog.agrointeli.com.br\/blog\/wp-content\/uploads\/2021\/06\/2654391-e1588017804173-1140x761.jpg 1140w\" sizes=\"(max-width: 1200px) 100vw, 1200px\" \/><\/p>\n<p><span style=\"font-weight: 400;\">Assim, vale conferir mais 3 dicas para que a gest\u00e3o rural seja mais eficiente e traga bons resultados:<\/span><\/p>\n<h3><b>1- Tenha dados sempre atualizados e monitore constantemente<\/b><\/h3>\n<p><span style=\"font-weight: 400;\">\u201c<\/span><i><span style=\"font-weight: 400;\">O que n\u00e3o \u00e9 medido, n\u00e3o pode ser gerenciado<\/span><\/i><span style=\"font-weight: 400;\">\u201d. Cabe ao gestor rural acompanhar os dados de sua produ\u00e7\u00e3o, sendo essa uma pr\u00e1tica obrigat\u00f3ria de gest\u00e3o.<\/span><\/p>\n<p><span style=\"font-weight: 400;\">Sem dados e informa\u00e7\u00f5es precisas, fica imposs\u00edvel conhecer com exatid\u00e3o a situa\u00e7\u00e3o do neg\u00f3cio ou at\u00e9 mesmo a efici\u00eancia de trabalho dos colaboradores, impedindo que sejam implementadas estrat\u00e9gias que impulsionam a capacidade de controle da atividade rural.<\/span><\/p>\n<p><span style=\"font-weight: 400;\">A ordem de servi\u00e7o, por exemplo, cont\u00e9m todos os dados necess\u00e1rios para planejar e realizar um servi\u00e7o dentro da propriedade, devendo ser utilizada para assegurar a organiza\u00e7\u00e3o dos dados e sintetizar as etapas do trabalho.\u00a0<\/span><\/p>\n<p><span style=\"font-weight: 400;\">Ela funciona como uma esp\u00e9cie de autoriza\u00e7\u00e3o para que colaboradores iniciem o servi\u00e7o solicitado pelo gestor.<\/span><\/p>\n<h3><b>2- Alinhe seu neg\u00f3cio com a melhor tecnologia dispon\u00edvel<\/b><\/h3>\n<p><span style=\"font-weight: 400;\">A tecnologia \u00e9, sem d\u00favidas, uma grande aliada do agroneg\u00f3cio. Na atualidade, muitas s\u00e3o ferramentas de gest\u00e3o rural que t\u00eam colaborado para aumentar a produtividade, otimizar processos e simplificar tarefas cotidianas no campo.<\/span><\/p>\n<p><span style=\"font-weight: 400;\">O software da <\/span><a href=\"https:\/\/materiais.agrointeli.com.br\/demonstracao-lp?utm_source=Blog&amp;utm_medium=Planejamento%20ordem&amp;utm_campaign=BPS\"><span style=\"font-weight: 400;\">Agrointeli<\/span><\/a><span style=\"font-weight: 400;\">, por exemplo, \u00e9 um aliado do gestor. Ele fornece todo o controle das atividades agr\u00edcolas, sem correr o risco de perder ou n\u00e3o entender as anota\u00e7\u00f5es feitas em cadernos ou agendas.\u00a0<\/span><\/p>\n<p><span style=\"font-weight: 400;\">Dentre as muitas funcionalidades deste aplicativo a <\/span><a href=\"https:\/\/blog.agrointeli.com.br\/blog\/gestao-rural-controle-pulverizacao\/\"><span style=\"font-weight: 400;\">capacidade de permitir maior controle da pulveriza\u00e7\u00e3o agr\u00edcola<\/span><\/a><span style=\"font-weight: 400;\"> \u00e9 essencial, pois representa uma etapa bastante importante no ecossistema rural. O <\/span><a href=\"https:\/\/blog.agrointeli.com.br\/blog\/gestao-rural-gerenciamento-colheita\/\"><span style=\"font-weight: 400;\">melhor gerenciamento da colheita<\/span><\/a><span style=\"font-weight: 400;\"> tamb\u00e9m \u00e9 importante, afinal n\u00e3o adianta plantar bem se ocorrerem erros durante a colheita.<\/span><\/p>\n<p><span style=\"font-weight: 400;\">Com o uso da tecnologia no agroneg\u00f3cio, o gestor rural ter\u00e1 mais indicadores de produtividade \u00e0 disposi\u00e7\u00e3o. Tamb\u00e9m \u00e9 poss\u00edvel obter instantaneamente dados e informa\u00e7\u00f5es sobre o que pode ser melhorado, como:<\/span><\/p>\n<ul>\n<li style=\"font-weight: 400;\" aria-level=\"1\"><span style=\"font-weight: 400;\">Efici\u00eancia e utiliza\u00e7\u00e3o da m\u00e3o de obra;<\/span><\/li>\n<li style=\"font-weight: 400;\" aria-level=\"1\"><span style=\"font-weight: 400;\">Utiliza\u00e7\u00e3o de mecaniza\u00e7\u00e3o;<\/span><\/li>\n<li style=\"font-weight: 400;\" aria-level=\"1\"><span style=\"font-weight: 400;\">Gest\u00e3o de atividades externas e equipamentos.<\/span><\/li>\n<\/ul>\n<p><span style=\"font-weight: 400;\">Por\u00e9m, o erro de muitos gestores, principalmente os pequenos produtores, \u00e9 encarar a ado\u00e7\u00e3o de softwares ao neg\u00f3cio como um custo extra. Mas est\u00e3o equivocados, pois o retorno do investimento e os resultados positivos s\u00e3o amplos e valem cada centavo investido.<\/span><\/p>\n<h3><b>3- Invista em treinamento<\/b><\/h3>\n<p><span style=\"font-weight: 400;\">Essa dica j\u00e1 foi ressaltada anteriormente, mas vale refor\u00e7ar, afinal para maximizar e tirar o melhor proveito da tecnologia, cabe ao produtor rural investir na capacita\u00e7\u00e3o de seu pessoal, tornando sua empresa mais rent\u00e1vel e produtiva.<\/span><\/p>\n<p><span style=\"font-weight: 400;\">A gest\u00e3o rural se torna uma importante pr\u00e1tica para o bom andamento da empresa. Por meio dela, o gestor consegue identificar gargalos dentro da equipe t\u00e9cnica que est\u00e3o impedindo o crescimento sustent\u00e1vel do neg\u00f3cio e, assim, melhorar sua performance.<\/span><\/p>\n<p>&nbsp;<\/p>\n<p><b><i>Voc\u00ea aplica essas estrat\u00e9gias de gest\u00e3o rural para gerenciar seus t\u00e9cnicos agr\u00edcolas? Voc\u00ea tem bons resultados na sua gest\u00e3o? Conte para n\u00f3s!<\/i><\/b><\/p>\n<p><a href=\"https:\/\/materiais.agrointeli.com.br\/demonstracao-lp?utm_source=Blog&amp;utm_medium=blogbanner&amp;utm_campaign=BANNER\"><img decoding=\"async\" class=\"alignnone size-full wp-image-6640\" src=\"https:\/\/blog.agrointeli.com.br\/blog\/wp-content\/uploads\/2020\/09\/banner-BLOG-6k-x-1k-px-11.png\" alt=\"agrointeli\" width=\"4000\" height=\"1000\" srcset=\"https:\/\/blog.agrointeli.com.br\/blog\/wp-content\/uploads\/2020\/09\/banner-BLOG-6k-x-1k-px-11.png 4000w, https:\/\/blog.agrointeli.com.br\/blog\/wp-content\/uploads\/2020\/09\/banner-BLOG-6k-x-1k-px-11-500x125.png 500w, https:\/\/blog.agrointeli.com.br\/blog\/wp-content\/uploads\/2020\/09\/banner-BLOG-6k-x-1k-px-11-2000x500.png 2000w, https:\/\/blog.agrointeli.com.br\/blog\/wp-content\/uploads\/2020\/09\/banner-BLOG-6k-x-1k-px-11-768x192.png 768w, https:\/\/blog.agrointeli.com.br\/blog\/wp-content\/uploads\/2020\/09\/banner-BLOG-6k-x-1k-px-11-1536x384.png 1536w, https:\/\/blog.agrointeli.com.br\/blog\/wp-content\/uploads\/2020\/09\/banner-BLOG-6k-x-1k-px-11-2048x512.png 2048w, https:\/\/blog.agrointeli.com.br\/blog\/wp-content\/uploads\/2020\/09\/banner-BLOG-6k-x-1k-px-11-610x153.png 610w, https:\/\/blog.agrointeli.com.br\/blog\/wp-content\/uploads\/2020\/09\/banner-BLOG-6k-x-1k-px-11-750x188.png 750w, https:\/\/blog.agrointeli.com.br\/blog\/wp-content\/uploads\/2020\/09\/banner-BLOG-6k-x-1k-px-11-1140x285.png 1140w\" sizes=\"(max-width: 4000px) 100vw, 4000px\" \/><\/a><\/p>\n","protected":false},"excerpt":{"rendered":"<p>A agricultura brasileira \u00e9 uma das mais pr\u00f3speras do mundo e conta com muitas tecnologias de ponta. No entanto, as boas pr\u00e1ticas de manejo, por vezes, n\u00e3o s\u00e3o acompanhadas por uma gest\u00e3o rural mais eficiente do neg\u00f3cio. O sucesso da atividade rural depende da ado\u00e7\u00e3o de boas pr\u00e1ticas de gest\u00e3o, englobando tamb\u00e9m uma boa gest\u00e3o [&hellip;]<\/p>\n","protected":false},"author":1,"featured_media":4797,"comment_status":"open","ping_status":"closed","sticky":false,"template":"","format":"standard","meta":{"_coblocks_attr":"","_coblocks_dimensions":"","_coblocks_responsive_height":"","_coblocks_accordion_ie_support":"","_mi_skip_tracking":false,"spay_email":""},"categories":[21,38],"tags":[],"jetpack_featured_media_url":"https:\/\/blog.agrointeli.com.br\/blog\/wp-content\/uploads\/2021\/06\/gestao-de-agronegocios-conceito-mercado-de-trabalho-curso.jpg","_links":{"self":[{"href":"https:\/\/blog.agrointeli.com.br\/blog\/wp-json\/wp\/v2\/posts\/4796"}],"collection":[{"href":"https:\/\/blog.agrointeli.com.br\/blog\/wp-json\/wp\/v2\/posts"}],"about":[{"href":"https:\/\/blog.agrointeli.com.br\/blog\/wp-json\/wp\/v2\/types\/post"}],"author":[{"embeddable":true,"href":"https:\/\/blog.agrointeli.com.br\/blog\/wp-json\/wp\/v2\/users\/1"}],"replies":[{"embeddable":true,"href":"https:\/\/blog.agrointeli.com.br\/blog\/wp-json\/wp\/v2\/comments?post=4796"}],"version-history":[{"count":6,"href":"https:\/\/blog.agrointeli.com.br\/blog\/wp-json\/wp\/v2\/posts\/4796\/revisions"}],"predecessor-version":[{"id":6938,"href":"https:\/\/blog.agrointeli.com.br\/blog\/wp-json\/wp\/v2\/posts\/4796\/revisions\/6938"}],"wp:featuredmedia":[{"embeddable":true,"href":"https:\/\/blog.agrointeli.com.br\/blog\/wp-json\/wp\/v2\/media\/4797"}],"wp:attachment":[{"href":"https:\/\/blog.agrointeli.com.br\/blog\/wp-json\/wp\/v2\/media?parent=4796"}],"wp:term":[{"taxonomy":"category","embeddable":true,"href":"https:\/\/blog.agrointeli.com.br\/blog\/wp-json\/wp\/v2\/categories?post=4796"},{"taxonomy":"post_tag","embeddable":true,"href":"https:\/\/blog.agrointeli.com.br\/blog\/wp-json\/wp\/v2\/tags?post=4796"}],"curies":[{"name":"wp","href":"https:\/\/api.w.org\/{rel}","templated":true}]}}