{"id":3720,"date":"2020-09-08T16:04:05","date_gmt":"2020-09-08T20:04:05","guid":{"rendered":"https:\/\/blog.agrointeli.com.br\/blog\/?p=3720"},"modified":"2022-08-31T14:30:24","modified_gmt":"2022-08-31T18:30:24","slug":"gestao-rural-6-passos","status":"publish","type":"post","link":"https:\/\/blog.agrointeli.com.br\/blog\/gestao-rural-6-passos\/","title":{"rendered":"Gest\u00e3o rural: 6 passos para ter o controle da semeadura da fazenda"},"content":{"rendered":"<p><span style=\"font-weight: 400;\">Aplicativos s\u00e3o criados diariamente para facilitar a sua vida e otimizar o seu tempo. O software agr\u00edcola da <\/span><a href=\"https:\/\/materiais.agrointeli.com.br\/demonstracao-lp?utm_source=Blog&amp;utm_medium=Planejamento%20de%20safra1&amp;utm_campaign=BPS\"><span style=\"font-weight: 400;\">Agrointeli <\/span><\/a><span style=\"font-weight: 400;\">foi feito para voc\u00ea que trabalha diretamente com a produ\u00e7\u00e3o de gr\u00e3os, gest\u00e3o rural e ajudar no planejamento de safra. <\/span><\/p>\n<p><span style=\"font-weight: 400;\">Seja no talh\u00e3o, na sede da fazenda ou na cidade voc\u00ea tem a facilidade de acessar o aplicativo e utilizar todos os recursos dispon\u00edveis com ou sem internet.<\/span><\/p>\n<p><span style=\"font-weight: 400;\">Uma das facilidades que o aplicativo Agrointeli fornece \u00e9 o controle de atividades agr\u00edcolas. Agora voc\u00ea poder\u00e1 deixar de lado cadernos, cadernetas e planilhas. Leve para o campo apenas o seu celular ou tablet. <\/span><\/p>\n<div id=\"fufu-blog-como-economizar-ate-27-do-uso-de-defensivos-duplicado-8cfdeb1ba3a3dad2b101\" role=\"main\"><\/div>\n<p><script type=\"text\/javascript\" src=\"https:\/\/d335luupugsy2.cloudfront.net\/js\/rdstation-forms\/stable\/rdstation-forms.min.js\"><\/script> <script type=\"text\/javascript\"> new RDStationForms('fufu-blog-como-economizar-ate-27-do-uso-de-defensivos-duplicado-8cfdeb1ba3a3dad2b101', 'UA-160168076-1').createForm();<\/script><\/p>\n<p><span style=\"font-weight: 400;\">Com o planejamento de safra na palma da sua m\u00e3o voc\u00ea tem o poder e n\u00e3o correr\u00e1 mais riscos de perder ou n\u00e3o entender as anota\u00e7\u00f5es feitas em cadernos ou agendas. Continue a leitura e venha entender o passo a passo para voc\u00ea cadastrar opera\u00e7\u00f5es de <\/span><a href=\"https:\/\/blog.agrointeli.com.br\/blog\/5-dicas-de-plantio-para-ajudar-a-aumentar-a-produtividade-da-soja\/\"><b>plantio<\/b><\/a><span style=\"font-weight: 400;\"> diretamente no campo, <\/span><b>sem internet.<\/b><\/p>\n<p><span style=\"font-weight: 400;\">Passo #1<\/span><\/p>\n<p><span style=\"font-weight: 400;\">Abra o seu aplicativo, entre com seus dados de acesso e antes de ir para o campo, sincronize o aplicativo na rede WiFi. Para isso selecione a op\u00e7\u00e3o Sincronizar no menu no painel principal.<\/span><\/p>\n<p><img decoding=\"async\" class=\"wp-image-3734 alignnone size-medium\" src=\"https:\/\/blog.agrointeli.com.br\/blog\/wp-content\/uploads\/2020\/09\/image2-500x447.jpg\" alt=\"\" width=\"500\" height=\"447\" srcset=\"https:\/\/blog.agrointeli.com.br\/blog\/wp-content\/uploads\/2020\/09\/image2-500x447.jpg 500w, https:\/\/blog.agrointeli.com.br\/blog\/wp-content\/uploads\/2020\/09\/image2-768x687.jpg 768w, https:\/\/blog.agrointeli.com.br\/blog\/wp-content\/uploads\/2020\/09\/image2-610x545.jpg 610w, https:\/\/blog.agrointeli.com.br\/blog\/wp-content\/uploads\/2020\/09\/image2-480x429.jpg 480w, https:\/\/blog.agrointeli.com.br\/blog\/wp-content\/uploads\/2020\/09\/image2-750x670.jpg 750w, https:\/\/blog.agrointeli.com.br\/blog\/wp-content\/uploads\/2020\/09\/image2.jpg 858w\" sizes=\"(max-width: 500px) 100vw, 500px\" \/><\/p>\n<p><span style=\"font-weight: 400;\">Passo #2<\/span><\/p>\n<p><span style=\"font-weight: 400;\">Pronto. Ap\u00f3s sincronizar os dados, agora voc\u00ea poder\u00e1 cadastrar ou editar dados do planejamento de safra com ou sem internet. Para isso, abra o menu superior direito e selecione Planejamento. Neste menu tem todas as opera\u00e7\u00f5es que s\u00e3o necess\u00e1rias para o planejamento da sua lavoura de gr\u00e3os.<\/span><\/p>\n<p><img decoding=\"async\" class=\"wp-image-3735 alignnone size-medium\" src=\"https:\/\/blog.agrointeli.com.br\/blog\/wp-content\/uploads\/2020\/09\/image3-263x500.jpg\" alt=\"\" width=\"263\" height=\"500\" srcset=\"https:\/\/blog.agrointeli.com.br\/blog\/wp-content\/uploads\/2020\/09\/image3-263x500.jpg 263w, https:\/\/blog.agrointeli.com.br\/blog\/wp-content\/uploads\/2020\/09\/image3.jpg 404w\" sizes=\"(max-width: 263px) 100vw, 263px\" \/><\/p>\n<p><span style=\"font-weight: 400;\">Passo #3<\/span><\/p>\n<p><span style=\"font-weight: 400;\">Selecione o \u00edcone com sinal de mais (+) e em seguida v\u00e1 em Nova Atividade para selecionar a opera\u00e7\u00e3o desejada.<\/span><\/p>\n<p><img decoding=\"async\" class=\"wp-image-3737 alignnone size-medium\" src=\"https:\/\/blog.agrointeli.com.br\/blog\/wp-content\/uploads\/2020\/09\/image5-500x440.jpg\" alt=\"\" width=\"500\" height=\"440\" srcset=\"https:\/\/blog.agrointeli.com.br\/blog\/wp-content\/uploads\/2020\/09\/image5-500x440.jpg 500w, https:\/\/blog.agrointeli.com.br\/blog\/wp-content\/uploads\/2020\/09\/image5-768x676.jpg 768w, https:\/\/blog.agrointeli.com.br\/blog\/wp-content\/uploads\/2020\/09\/image5-610x537.jpg 610w, https:\/\/blog.agrointeli.com.br\/blog\/wp-content\/uploads\/2020\/09\/image5-480x422.jpg 480w, https:\/\/blog.agrointeli.com.br\/blog\/wp-content\/uploads\/2020\/09\/image5-750x660.jpg 750w, https:\/\/blog.agrointeli.com.br\/blog\/wp-content\/uploads\/2020\/09\/image5.jpg 872w\" sizes=\"(max-width: 500px) 100vw, 500px\" \/><\/p>\n<p><span style=\"font-weight: 400;\">Passo #4<\/span><\/p>\n<p><span style=\"font-weight: 400;\">Selecione a op\u00e7\u00e3o Plantio.<\/span><\/p>\n<p><a href=\"https:\/\/materiais.agrointeli.com.br\/demonstracao-lp?utm_source=Blog&amp;utm_medium=blogbanner&amp;utm_campaign=BANNER\"><img decoding=\"async\" class=\"aligncenter wp-image-6640 size-full\" src=\"https:\/\/blog.agrointeli.com.br\/blog\/wp-content\/uploads\/2020\/09\/banner-BLOG-6k-x-1k-px-11.png\" alt=\"agrointeli\" width=\"4000\" height=\"1000\" srcset=\"https:\/\/blog.agrointeli.com.br\/blog\/wp-content\/uploads\/2020\/09\/banner-BLOG-6k-x-1k-px-11.png 4000w, https:\/\/blog.agrointeli.com.br\/blog\/wp-content\/uploads\/2020\/09\/banner-BLOG-6k-x-1k-px-11-500x125.png 500w, https:\/\/blog.agrointeli.com.br\/blog\/wp-content\/uploads\/2020\/09\/banner-BLOG-6k-x-1k-px-11-2000x500.png 2000w, https:\/\/blog.agrointeli.com.br\/blog\/wp-content\/uploads\/2020\/09\/banner-BLOG-6k-x-1k-px-11-768x192.png 768w, https:\/\/blog.agrointeli.com.br\/blog\/wp-content\/uploads\/2020\/09\/banner-BLOG-6k-x-1k-px-11-1536x384.png 1536w, https:\/\/blog.agrointeli.com.br\/blog\/wp-content\/uploads\/2020\/09\/banner-BLOG-6k-x-1k-px-11-2048x512.png 2048w, https:\/\/blog.agrointeli.com.br\/blog\/wp-content\/uploads\/2020\/09\/banner-BLOG-6k-x-1k-px-11-610x153.png 610w, https:\/\/blog.agrointeli.com.br\/blog\/wp-content\/uploads\/2020\/09\/banner-BLOG-6k-x-1k-px-11-750x188.png 750w, https:\/\/blog.agrointeli.com.br\/blog\/wp-content\/uploads\/2020\/09\/banner-BLOG-6k-x-1k-px-11-1140x285.png 1140w\" sizes=\"(max-width: 4000px) 100vw, 4000px\" \/><\/a><\/p>\n<p><span style=\"font-weight: 400;\">Agora selecione as seguintes op\u00e7\u00f5es: a safra desejada, os talh\u00f5es, as datas prov\u00e1veis de plantio, os operadores que far\u00e3o o plantio no campo e a quantidade de fertilizantes que ser\u00e3o utilizados durante o plantio .<\/span><\/p>\n<p><img decoding=\"async\" class=\"wp-image-3742 alignnone size-medium\" src=\"https:\/\/blog.agrointeli.com.br\/blog\/wp-content\/uploads\/2020\/09\/image10-500x450.jpg\" alt=\"\" width=\"500\" height=\"450\" srcset=\"https:\/\/blog.agrointeli.com.br\/blog\/wp-content\/uploads\/2020\/09\/image10-500x450.jpg 500w, https:\/\/blog.agrointeli.com.br\/blog\/wp-content\/uploads\/2020\/09\/image10-768x691.jpg 768w, https:\/\/blog.agrointeli.com.br\/blog\/wp-content\/uploads\/2020\/09\/image10-610x548.jpg 610w, https:\/\/blog.agrointeli.com.br\/blog\/wp-content\/uploads\/2020\/09\/image10-480x432.jpg 480w, https:\/\/blog.agrointeli.com.br\/blog\/wp-content\/uploads\/2020\/09\/image10-750x674.jpg 750w, https:\/\/blog.agrointeli.com.br\/blog\/wp-content\/uploads\/2020\/09\/image10.jpg 853w\" sizes=\"(max-width: 500px) 100vw, 500px\" \/><\/p>\n<p><span style=\"font-weight: 400;\">Passo #5<\/span><\/p>\n<p><span style=\"font-weight: 400;\">Nessa etapa voc\u00ea ir\u00e1 adicionar a quantidade de fertilizantes para a aduba\u00e7\u00e3o de cobertura. Agora, voc\u00ea selecionar\u00e1 os maquin\u00e1rios, espa\u00e7amento entre linhas, a variedade e os produtos de tratamento de sementes. Se voc\u00ea tiver alguma observa\u00e7\u00e3o poder\u00e1 anotar neste momento. Selecione a op\u00e7\u00e3o SALVAR.<\/span><\/p>\n<p><img decoding=\"async\" class=\"wp-image-3744 alignnone size-medium\" src=\"https:\/\/blog.agrointeli.com.br\/blog\/wp-content\/uploads\/2020\/09\/image12-500x293.jpg\" alt=\"\" width=\"500\" height=\"293\" srcset=\"https:\/\/blog.agrointeli.com.br\/blog\/wp-content\/uploads\/2020\/09\/image12-500x293.jpg 500w, https:\/\/blog.agrointeli.com.br\/blog\/wp-content\/uploads\/2020\/09\/image12-768x451.jpg 768w, https:\/\/blog.agrointeli.com.br\/blog\/wp-content\/uploads\/2020\/09\/image12-610x358.jpg 610w, https:\/\/blog.agrointeli.com.br\/blog\/wp-content\/uploads\/2020\/09\/image12-1080x634.jpg 1080w, https:\/\/blog.agrointeli.com.br\/blog\/wp-content\/uploads\/2020\/09\/image12-1280x751.jpg 1280w, https:\/\/blog.agrointeli.com.br\/blog\/wp-content\/uploads\/2020\/09\/image12-980x575.jpg 980w, https:\/\/blog.agrointeli.com.br\/blog\/wp-content\/uploads\/2020\/09\/image12-480x282.jpg 480w, https:\/\/blog.agrointeli.com.br\/blog\/wp-content\/uploads\/2020\/09\/image12-750x440.jpg 750w, https:\/\/blog.agrointeli.com.br\/blog\/wp-content\/uploads\/2020\/09\/image12-1140x669.jpg 1140w, https:\/\/blog.agrointeli.com.br\/blog\/wp-content\/uploads\/2020\/09\/image12.jpg 1307w\" sizes=\"(max-width: 500px) 100vw, 500px\" \/><\/p>\n<p><span style=\"font-weight: 400;\">Passo #6<\/span><\/p>\n<p><span style=\"font-weight: 400;\">Por fim, quando retornar a sede da propriedade ou para o escrit\u00f3rio, conecte o seu aparelho na rede WiFi e sincronize os dados na op\u00e7\u00e3o Sincronizar. Assim, todos os dados cadastrados e editados ficar\u00e3o dispon\u00edveis para todos os usu\u00e1rios do sistema. Mas para que eles recebam os dados \u00e9 necess\u00e1rio cada usu\u00e1rio acionar a sincroniza\u00e7\u00e3o no seu aparelho.\u00a0<\/span><\/p>\n<p><img decoding=\"async\" class=\"wp-image-3733 alignnone size-medium\" src=\"https:\/\/blog.agrointeli.com.br\/blog\/wp-content\/uploads\/2020\/09\/image1-313x500.jpg\" alt=\"\" width=\"313\" height=\"500\" srcset=\"https:\/\/blog.agrointeli.com.br\/blog\/wp-content\/uploads\/2020\/09\/image1-313x500.jpg 313w, https:\/\/blog.agrointeli.com.br\/blog\/wp-content\/uploads\/2020\/09\/image1.jpg 480w\" sizes=\"(max-width: 313px) 100vw, 313px\" \/><\/p>\n<p><b>CONCLUS\u00c3O<\/b><span style=\"font-weight: 400;\"><br \/>\n<\/span><span style=\"font-weight: 400;\">Tenha em m\u00e3os todo o planejamento de safra do seu plantio, sem o riscos de perder dados. E quando necess\u00e1rio voc\u00ea poder\u00e1 voltar na safra de gr\u00e3os desejada e verificar o que foi feito no talh\u00e3o, como estava o clima nos dias do plantio e correlacionar os dados com os resultados da produ\u00e7\u00e3o.<\/span><\/p>\n<p><span style=\"font-weight: 400;\">E ent\u00e3o? Voc\u00ea ainda vai continuar anotando dados no papel?<\/span><\/p>\n<p><a href=\"https:\/\/materiais.agrointeli.com.br\/demonstracao-lp?utm_source=Blog&amp;utm_medium=blogbanner&amp;utm_campaign=BANNER\"><img decoding=\"async\" class=\"aligncenter wp-image-6640 size-full\" src=\"https:\/\/blog.agrointeli.com.br\/blog\/wp-content\/uploads\/2020\/09\/banner-BLOG-6k-x-1k-px-11.png\" alt=\"agrointeli\" width=\"4000\" height=\"1000\" srcset=\"https:\/\/blog.agrointeli.com.br\/blog\/wp-content\/uploads\/2020\/09\/banner-BLOG-6k-x-1k-px-11.png 4000w, https:\/\/blog.agrointeli.com.br\/blog\/wp-content\/uploads\/2020\/09\/banner-BLOG-6k-x-1k-px-11-500x125.png 500w, https:\/\/blog.agrointeli.com.br\/blog\/wp-content\/uploads\/2020\/09\/banner-BLOG-6k-x-1k-px-11-2000x500.png 2000w, https:\/\/blog.agrointeli.com.br\/blog\/wp-content\/uploads\/2020\/09\/banner-BLOG-6k-x-1k-px-11-768x192.png 768w, https:\/\/blog.agrointeli.com.br\/blog\/wp-content\/uploads\/2020\/09\/banner-BLOG-6k-x-1k-px-11-1536x384.png 1536w, https:\/\/blog.agrointeli.com.br\/blog\/wp-content\/uploads\/2020\/09\/banner-BLOG-6k-x-1k-px-11-2048x512.png 2048w, https:\/\/blog.agrointeli.com.br\/blog\/wp-content\/uploads\/2020\/09\/banner-BLOG-6k-x-1k-px-11-610x153.png 610w, https:\/\/blog.agrointeli.com.br\/blog\/wp-content\/uploads\/2020\/09\/banner-BLOG-6k-x-1k-px-11-750x188.png 750w, https:\/\/blog.agrointeli.com.br\/blog\/wp-content\/uploads\/2020\/09\/banner-BLOG-6k-x-1k-px-11-1140x285.png 1140w\" sizes=\"(max-width: 4000px) 100vw, 4000px\" \/><\/a><\/p>\n","protected":false},"excerpt":{"rendered":"<p>Aplicativos s\u00e3o criados diariamente para facilitar a sua vida e otimizar o seu tempo. O software agr\u00edcola da Agrointeli foi feito para voc\u00ea que trabalha diretamente com a produ\u00e7\u00e3o de gr\u00e3os, gest\u00e3o rural e ajudar no planejamento de safra. Seja no talh\u00e3o, na sede da fazenda ou na cidade voc\u00ea tem a facilidade de acessar [&hellip;]<\/p>\n","protected":false},"author":14,"featured_media":3795,"comment_status":"open","ping_status":"closed","sticky":false,"template":"","format":"standard","meta":{"_coblocks_attr":"","_coblocks_dimensions":"","_coblocks_responsive_height":"","_coblocks_accordion_ie_support":"","_mi_skip_tracking":false,"spay_email":""},"categories":[33,43],"tags":[53],"jetpack_featured_media_url":"https:\/\/blog.agrointeli.com.br\/blog\/wp-content\/uploads\/2020\/09\/feed-ad-1.jpg","_links":{"self":[{"href":"https:\/\/blog.agrointeli.com.br\/blog\/wp-json\/wp\/v2\/posts\/3720"}],"collection":[{"href":"https:\/\/blog.agrointeli.com.br\/blog\/wp-json\/wp\/v2\/posts"}],"about":[{"href":"https:\/\/blog.agrointeli.com.br\/blog\/wp-json\/wp\/v2\/types\/post"}],"author":[{"embeddable":true,"href":"https:\/\/blog.agrointeli.com.br\/blog\/wp-json\/wp\/v2\/users\/14"}],"replies":[{"embeddable":true,"href":"https:\/\/blog.agrointeli.com.br\/blog\/wp-json\/wp\/v2\/comments?post=3720"}],"version-history":[{"count":5,"href":"https:\/\/blog.agrointeli.com.br\/blog\/wp-json\/wp\/v2\/posts\/3720\/revisions"}],"predecessor-version":[{"id":6711,"href":"https:\/\/blog.agrointeli.com.br\/blog\/wp-json\/wp\/v2\/posts\/3720\/revisions\/6711"}],"wp:featuredmedia":[{"embeddable":true,"href":"https:\/\/blog.agrointeli.com.br\/blog\/wp-json\/wp\/v2\/media\/3795"}],"wp:attachment":[{"href":"https:\/\/blog.agrointeli.com.br\/blog\/wp-json\/wp\/v2\/media?parent=3720"}],"wp:term":[{"taxonomy":"category","embeddable":true,"href":"https:\/\/blog.agrointeli.com.br\/blog\/wp-json\/wp\/v2\/categories?post=3720"},{"taxonomy":"post_tag","embeddable":true,"href":"https:\/\/blog.agrointeli.com.br\/blog\/wp-json\/wp\/v2\/tags?post=3720"}],"curies":[{"name":"wp","href":"https:\/\/api.w.org\/{rel}","templated":true}]}}