{"id":1761,"date":"2019-12-13T02:56:46","date_gmt":"2019-12-13T05:56:46","guid":{"rendered":"http:\/\/blog.agrointeli.com.br\/blog\/?p=1761"},"modified":"2022-12-13T13:09:32","modified_gmt":"2022-12-13T17:09:32","slug":"como-cultivar-soja-e-milho-em-consorcio","status":"publish","type":"post","link":"https:\/\/blog.agrointeli.com.br\/blog\/como-cultivar-soja-e-milho-em-consorcio\/","title":{"rendered":"Como Cultivar Soja e Milho em Cons\u00f3rcio"},"content":{"rendered":"<p><span style=\"font-weight: 400;\">Milho (<\/span><i><span style=\"font-weight: 400;\">Zea mays<\/span><\/i><span style=\"font-weight: 400;\">) e feij\u00e3o (<\/span><i><span style=\"font-weight: 400;\">Phaseolus<\/span><\/i><span style=\"font-weight: 400;\"> spp.) s\u00e3o um cons\u00f3rcio tradicional para os povos nativos das Am\u00e9ricas. O <\/span><span style=\"font-weight: 400;\">feij\u00e3o fixa o nitrog\u00eanio (N)<\/span><span style=\"font-weight: 400;\">, enquanto o milho serve de suporte para as vagens. Segundo pesquisas recentes da Universidade do Texas, nos Estados Unidos da Am\u00e9rica, o milho apresenta maior produtividade quando cultivado com feij\u00e3o; o feij\u00e3o, por\u00e9m, apresenta menor produtividade na mesma condi\u00e7\u00e3o.<br \/>\n<\/span><\/p>\n<p><span style=\"font-weight: 400;\">Quando o milho e a soja (<\/span><i><span style=\"font-weight: 400;\">Glycine max<\/span><\/i><span style=\"font-weight: 400;\">) s\u00e3o consorciados cada esp\u00e9cie cresce em um n\u00edvel diferente e as suas ra\u00edzes exploram diferentes profundidades, de forma que uma cultura n\u00e3o compete com a outra. O milho, nesse caso, deve ser semeado com maior espa\u00e7amento para permitir o crescimento da soja.<\/span><\/p>\n<h4><img decoding=\"async\" class=\"aligncenter wp-image-2445 size-full\" src=\"https:\/\/blog.agrointeli.com.br\/blog\/wp-content\/uploads\/2019\/12\/COMO-CULTIVAR-SOJA-E-MILHO-EM-CONS\u00d3RCIO-1.png\" alt=\"\" width=\"1024\" height=\"534\" \/><\/h4>\n<h4>Passo 1:<\/h4>\n<p>Selecione uma \u00e1rea com, pelo menos, 3 x 3 metros, a pleno sol. Cubra o solo com uma camada de composto\u00a0 (mat\u00e9ria org\u00e2nica \u201ccurtida\u201d) de 5 a 7,5 mm e, em seguida, incorpore parte desse material.<\/p>\n<h4><img decoding=\"async\" class=\"aligncenter wp-image-2446 size-full\" src=\"https:\/\/blog.agrointeli.com.br\/blog\/wp-content\/uploads\/2019\/12\/COMO-CULTIVAR-SOJA-E-MILHO-EM-CONS\u00d3RCIO-2.png\" alt=\"\" width=\"531\" height=\"709\" \/><\/h4>\n<h4>Passo 2<\/h4>\n<p>Semeio o milho quando a temperatura noturna atingir 10\u00b0C. Marque as linhas de plantio de forma que o espa\u00e7amento entre elas fique em 0,8 m. Dentro das linhas, fa\u00e7a covas rasas de 25 cm de di\u00e2metro a cada 0,8 m (espa\u00e7amento entre plantas). Fa\u00e7a o coveamento de forma que elas formem um padr\u00e3o de losangos. Plante de quatro a seis sementes de milho a 4 cm de profundidade em cada cova e a irrigue em seguida.<\/p>\n<h4>Passo 3<\/h4>\n<p>Fa\u00e7a o desbaste de cada cova quando as plantas come\u00e7arem a crescer, deixando apenas os dois indiv\u00edduos mais vigorosos.<\/p>\n<h2><a href=\"https:\/\/materiais.agrointeli.com.br\/demonstracao-lp?utm_source=Blog&amp;utm_medium=Banner&amp;utm_campaign=BB\"><img decoding=\"async\" class=\"alignnone size-full wp-image-6448\" src=\"https:\/\/blog.agrointeli.com.br\/blog\/wp-content\/uploads\/2022\/07\/banner-BLOG-6k-x-1k-px-2.png\" alt=\"agrointeli\" width=\"4000\" height=\"1000\" srcset=\"https:\/\/blog.agrointeli.com.br\/blog\/wp-content\/uploads\/2022\/07\/banner-BLOG-6k-x-1k-px-2.png 4000w, https:\/\/blog.agrointeli.com.br\/blog\/wp-content\/uploads\/2022\/07\/banner-BLOG-6k-x-1k-px-2-500x125.png 500w, https:\/\/blog.agrointeli.com.br\/blog\/wp-content\/uploads\/2022\/07\/banner-BLOG-6k-x-1k-px-2-2000x500.png 2000w, https:\/\/blog.agrointeli.com.br\/blog\/wp-content\/uploads\/2022\/07\/banner-BLOG-6k-x-1k-px-2-768x192.png 768w, https:\/\/blog.agrointeli.com.br\/blog\/wp-content\/uploads\/2022\/07\/banner-BLOG-6k-x-1k-px-2-1536x384.png 1536w, https:\/\/blog.agrointeli.com.br\/blog\/wp-content\/uploads\/2022\/07\/banner-BLOG-6k-x-1k-px-2-2048x512.png 2048w, https:\/\/blog.agrointeli.com.br\/blog\/wp-content\/uploads\/2022\/07\/banner-BLOG-6k-x-1k-px-2-610x153.png 610w, https:\/\/blog.agrointeli.com.br\/blog\/wp-content\/uploads\/2022\/07\/banner-BLOG-6k-x-1k-px-2-750x188.png 750w, https:\/\/blog.agrointeli.com.br\/blog\/wp-content\/uploads\/2022\/07\/banner-BLOG-6k-x-1k-px-2-1140x285.png 1140w\" sizes=\"(max-width: 4000px) 100vw, 4000px\" \/><\/a><\/h2>\n<h4>Passo 4<\/h4>\n<p>Plante a soja quando o milho alcan\u00e7ar 10 cm de altura, quatro sementes a 2,5 cm de profundidade em cada cova, a cerca de 7,5 cm de dist\u00e2ncia das plantas de milho. Irrigue a cova em seguida.<\/p>\n<h4>Passo 5<\/h4>\n<p>Irrigue as plantas sempre que a camada superior do solo, correspondente a 5 cm, estiver seca. Evite manusear ou colher a soja quando as plantas estiverem molhadas. Remova as plantas daninhas regularmente durante o crescimento das culturas.<\/p>\n<h4>Passo 6<\/h4>\n<p>Fa\u00e7a a aduba\u00e7\u00e3o de cobertura quando o milho atingir 30,5-45,5 cm de altura. Aplique de 1,8 a 2,3 kg do fertilizante 10-10-10 (N-P-K) em uma \u00e1rea equivalente a 3 x 3 m, ou 4 L de composto (esterco \u201ccurtido\u201d) na base das plantas.<\/p>\n<h4>Passo 7<\/h4>\n<p>Colha a soja quando as vagens estiverem verdes, rechonchudas e com cerca de 5 a 7,5 cm de comprimento. Puxe cuidadosamente as vagens da planta e descasque-as, dividindo-as ao meio, extraindo o gr\u00e3o verde.<\/p>\n<h4>Passo 8<\/h4>\n<p>Colha o milho quando os gr\u00e3os estiverem bem formados e uma subst\u00e2ncia leitosa aparecer sempre que um deles for esmagado pela unha do polegar. Segure a espiga e puxe-a firmemente para colh\u00ea-la.<\/p>\n<h4><img decoding=\"async\" class=\"aligncenter wp-image-2447 size-full\" src=\"https:\/\/blog.agrointeli.com.br\/blog\/wp-content\/uploads\/2019\/12\/COMO-CULTIVAR-SOJA-E-MILHO-EM-CONS\u00d3RCIO-3.png\" alt=\"\" width=\"492\" height=\"479\" \/><\/h4>\n<p>Voc\u00ea Precisar\u00e1 De:<\/p>\n<ul>\n<li>Composto ou esterco \u201ccurtido\u201d<\/li>\n<li>Garfo<\/li>\n<li>P\u00e1<\/li>\n<li>Sementes de milho<\/li>\n<li>Sementes de soja<\/li>\n<li>Enxada<\/li>\n<li>Fertilizante: 10-10-10 (opcional)<\/li>\n<li>Dicas extras<\/li>\n<\/ul>\n<p><strong>1.<\/strong> Em climas \u00famidos, o milho e o feij\u00e3o podem ser plantados em mont\u00edculos e n\u00e3o em covas.<\/p>\n<p><strong>2.<\/strong> Sistemas inteligentes, baseados em monitoramento de talh\u00f5es com algoritmos personalizados, j\u00e1 existem. Eles permitem o acompanhamento remoto de \u00e1reas em cons\u00f3rcio que, justamente por serem mais complexas, precisam de um acompanhamento especial de pragas, umidade do solo e dados clim\u00e1ticos. Trabalhar com agricultura de precis\u00e3o \u00e9 ter a variabilidade e a diversidade como diretrizes. Dessa maneira, mapas de colheita, imagens de sat\u00e9lites, \u00edndices de vegeta\u00e7\u00e3o da diferen\u00e7a normalizada e dados de solo permitem a adequa\u00e7\u00e3o do manejo e uma aplica\u00e7\u00e3o inteligente da nutri\u00e7\u00e3o e da fitossanidade.<\/p>\n<h2><a href=\"https:\/\/materiais.agrointeli.com.br\/demonstracao-lp?utm_source=Blog&amp;utm_medium=Banner&amp;utm_campaign=BB\"><img decoding=\"async\" class=\"alignnone size-full wp-image-6448\" src=\"https:\/\/blog.agrointeli.com.br\/blog\/wp-content\/uploads\/2022\/07\/banner-BLOG-6k-x-1k-px-2.png\" alt=\"agrointeli\" width=\"4000\" height=\"1000\" srcset=\"https:\/\/blog.agrointeli.com.br\/blog\/wp-content\/uploads\/2022\/07\/banner-BLOG-6k-x-1k-px-2.png 4000w, https:\/\/blog.agrointeli.com.br\/blog\/wp-content\/uploads\/2022\/07\/banner-BLOG-6k-x-1k-px-2-500x125.png 500w, https:\/\/blog.agrointeli.com.br\/blog\/wp-content\/uploads\/2022\/07\/banner-BLOG-6k-x-1k-px-2-2000x500.png 2000w, https:\/\/blog.agrointeli.com.br\/blog\/wp-content\/uploads\/2022\/07\/banner-BLOG-6k-x-1k-px-2-768x192.png 768w, https:\/\/blog.agrointeli.com.br\/blog\/wp-content\/uploads\/2022\/07\/banner-BLOG-6k-x-1k-px-2-1536x384.png 1536w, https:\/\/blog.agrointeli.com.br\/blog\/wp-content\/uploads\/2022\/07\/banner-BLOG-6k-x-1k-px-2-2048x512.png 2048w, https:\/\/blog.agrointeli.com.br\/blog\/wp-content\/uploads\/2022\/07\/banner-BLOG-6k-x-1k-px-2-610x153.png 610w, https:\/\/blog.agrointeli.com.br\/blog\/wp-content\/uploads\/2022\/07\/banner-BLOG-6k-x-1k-px-2-750x188.png 750w, https:\/\/blog.agrointeli.com.br\/blog\/wp-content\/uploads\/2022\/07\/banner-BLOG-6k-x-1k-px-2-1140x285.png 1140w\" sizes=\"(max-width: 4000px) 100vw, 4000px\" \/><\/a><\/h2>\n","protected":false},"excerpt":{"rendered":"<p>Milho (Zea mays) e feij\u00e3o (Phaseolus spp.) s\u00e3o um cons\u00f3rcio tradicional para os povos nativos das Am\u00e9ricas. O feij\u00e3o fixa o nitrog\u00eanio (N), enquanto o milho serve de suporte para as vagens. Segundo pesquisas recentes da Universidade do Texas, nos Estados Unidos da Am\u00e9rica, o milho apresenta maior produtividade quando cultivado com feij\u00e3o; o feij\u00e3o, [&hellip;]<\/p>\n","protected":false},"author":1,"featured_media":1764,"comment_status":"open","ping_status":"open","sticky":false,"template":"","format":"standard","meta":{"_coblocks_attr":"","_coblocks_dimensions":"","_coblocks_responsive_height":"","_coblocks_accordion_ie_support":"","_mi_skip_tracking":false,"spay_email":""},"categories":[40,32,20],"tags":[],"jetpack_featured_media_url":"https:\/\/blog.agrointeli.com.br\/blog\/wp-content\/uploads\/2019\/12\/79214962_886057908458533_8744948551647232000_o.jpg","_links":{"self":[{"href":"https:\/\/blog.agrointeli.com.br\/blog\/wp-json\/wp\/v2\/posts\/1761"}],"collection":[{"href":"https:\/\/blog.agrointeli.com.br\/blog\/wp-json\/wp\/v2\/posts"}],"about":[{"href":"https:\/\/blog.agrointeli.com.br\/blog\/wp-json\/wp\/v2\/types\/post"}],"author":[{"embeddable":true,"href":"https:\/\/blog.agrointeli.com.br\/blog\/wp-json\/wp\/v2\/users\/1"}],"replies":[{"embeddable":true,"href":"https:\/\/blog.agrointeli.com.br\/blog\/wp-json\/wp\/v2\/comments?post=1761"}],"version-history":[{"count":4,"href":"https:\/\/blog.agrointeli.com.br\/blog\/wp-json\/wp\/v2\/posts\/1761\/revisions"}],"predecessor-version":[{"id":6923,"href":"https:\/\/blog.agrointeli.com.br\/blog\/wp-json\/wp\/v2\/posts\/1761\/revisions\/6923"}],"wp:featuredmedia":[{"embeddable":true,"href":"https:\/\/blog.agrointeli.com.br\/blog\/wp-json\/wp\/v2\/media\/1764"}],"wp:attachment":[{"href":"https:\/\/blog.agrointeli.com.br\/blog\/wp-json\/wp\/v2\/media?parent=1761"}],"wp:term":[{"taxonomy":"category","embeddable":true,"href":"https:\/\/blog.agrointeli.com.br\/blog\/wp-json\/wp\/v2\/categories?post=1761"},{"taxonomy":"post_tag","embeddable":true,"href":"https:\/\/blog.agrointeli.com.br\/blog\/wp-json\/wp\/v2\/tags?post=1761"}],"curies":[{"name":"wp","href":"https:\/\/api.w.org\/{rel}","templated":true}]}}