{"id":1694,"date":"2019-12-12T22:00:21","date_gmt":"2019-12-13T01:00:21","guid":{"rendered":"http:\/\/agriculturadofuturo.com.br\/blog\/?p=1694"},"modified":"2022-12-15T14:00:45","modified_gmt":"2022-12-15T18:00:45","slug":"planejamento-de-safra-5-fatores-dosolo","status":"publish","type":"post","link":"https:\/\/blog.agrointeli.com.br\/blog\/planejamento-de-safra-5-fatores-dosolo\/","title":{"rendered":"Planejamento de safra: Os 5 fatores de forma\u00e7\u00e3o do solo e suas implica\u00e7\u00f5es agron\u00f4micas"},"content":{"rendered":"<p><span style=\"font-family: Arial, serif;\"><span style=\"font-size: medium;\">Hoje, vamos aprender como ocorre o processo de forma\u00e7\u00e3o de um dos recursos naturais da terra que \u00e9 o solo, essencial para o planejamento de safra.<\/span><\/span><\/p>\n<p class=\"western\"><span style=\"font-family: Arial, serif;\"><span style=\"font-size: medium;\">Esse assunto \u00e9 de relevante import\u00e2ncia pois a maioria dos nossos alimentos s\u00e3o oriundos direta ou indiretamente de produ\u00e7\u00f5es agr\u00edcolas e de pastagens. <\/span><\/span><\/p>\n<p class=\"western\"><span style=\"font-family: Arial, sans-serif;\"><span style=\"font-size: medium;\">As <a href=\"https:\/\/blog.agrointeli.com.br\/blog\/o-plantio-acabou-e-agora-o-que-fazem-os-agricultores\/\">plantas<\/a> utilizam o solo para fixar suas ra\u00edzes, dar suporte e sustenta\u00e7\u00e3o, al\u00e9m de extra\u00edrem da solu\u00e7\u00e3o do solo \u00e1gua e <a href=\"https:\/\/blog.agrointeli.com.br\/blog\/identifique-e-corrija-deficiencias-nutricionais-um-passo-a-passo\/\">nutrientes<\/a> essenciais ao seu desenvolvimento.<\/span><\/span><\/p>\n<div id=\"fufu-blog-os-5-fatores-de-formacao-do-solo-e-suas-implicacoes-agronomicas-adfae3375c2a4d966e89\" role=\"main\"><\/div>\n<p><script type=\"text\/javascript\" src=\"https:\/\/d335luupugsy2.cloudfront.net\/js\/rdstation-forms\/stable\/rdstation-forms.min.js\"><\/script> <script type=\"text\/javascript\"> new RDStationForms('fufu-blog-os-5-fatores-de-formacao-do-solo-e-suas-implicacoes-agronomicas-adfae3375c2a4d966e89', 'UA-160168076-1').createForm();<\/script><\/p>\n<p class=\"western\"><strong><span style=\"color: #000000;\"><span style=\"font-family: Arial, sans-serif;\">FORMA\u00c7\u00c3O DO SOLO<\/span><\/span><\/strong><\/p>\n<p class=\"western\"><span style=\"color: #000000;\"><span style=\"font-family: Arial, sans-serif;\"><span style=\"font-size: medium;\">O <a href=\"https:\/\/blog.agrointeli.com.br\/blog\/analise-de-solo-e-um-investimento-saiba-o-porque\/\">solo<\/a> \u00e9 um corpo tridimensional formado pela a\u00e7\u00e3o dos fatores de forma\u00e7\u00e3o e dos processos <a href=\"https:\/\/www.lume.ufrgs.br\/handle\/10183\/27941\" target=\"_blank\" rel=\"noopener\">pedogen\u00e9ticos<\/a> (Figura 1). <\/span><\/span><\/span><\/p>\n<p class=\"western\"><span style=\"font-family: Arial, sans-serif;\"><span style=\"font-size: medium;\">O conhecimento pedog\u00eanese \u00e9 importante para a entender e conhecer o padr\u00e3o da distribui\u00e7\u00e3o dos diversos solos na paisagem.<\/span><\/span><\/p>\n<p><img decoding=\"async\" class=\"aligncenter wp-image-1403 size-full\" src=\"https:\/\/blog.agrointeli.com.br\/blog\/wp-content\/uploads\/2019\/12\/Figura-1_Processos-Pedog\u00eanicos.-1024x604-1.jpg\" alt=\"Planejamento de Safra\" width=\"1024\" height=\"604\" srcset=\"https:\/\/blog.agrointeli.com.br\/blog\/wp-content\/uploads\/2019\/12\/Figura-1_Processos-Pedog\u00eanicos.-1024x604-1.jpg 1024w, https:\/\/blog.agrointeli.com.br\/blog\/wp-content\/uploads\/2019\/12\/Figura-1_Processos-Pedog\u00eanicos.-1024x604-1-300x177.jpg 300w, https:\/\/blog.agrointeli.com.br\/blog\/wp-content\/uploads\/2019\/12\/Figura-1_Processos-Pedog\u00eanicos.-1024x604-1-768x453.jpg 768w, https:\/\/blog.agrointeli.com.br\/blog\/wp-content\/uploads\/2019\/12\/Figura-1_Processos-Pedog\u00eanicos.-1024x604-1-610x360.jpg 610w, https:\/\/blog.agrointeli.com.br\/blog\/wp-content\/uploads\/2019\/12\/Figura-1_Processos-Pedog\u00eanicos.-1024x604-1-980x578.jpg 980w, https:\/\/blog.agrointeli.com.br\/blog\/wp-content\/uploads\/2019\/12\/Figura-1_Processos-Pedog\u00eanicos.-1024x604-1-480x283.jpg 480w, https:\/\/blog.agrointeli.com.br\/blog\/wp-content\/uploads\/2019\/12\/Figura-1_Processos-Pedog\u00eanicos.-1024x604-1-750x442.jpg 750w\" sizes=\"(max-width: 1024px) 100vw, 1024px\" \/><\/p>\n<p class=\"western\"><span style=\"font-family: Arial, sans-serif;\"><span style=\"font-size: medium;\">Cinco fatores de forma\u00e7\u00e3o fazem parte do processo de transforma\u00e7\u00e3o da rocha em solo como material de origem, clima, relevo, organismos e tempo.<\/span><\/span><\/p>\n<p class=\"western\"><span style=\"font-family: Arial, sans-serif;\"><span style=\"font-size: medium;\">Esses fatores associados e combinados entre si de diversas maneiras e propor\u00e7\u00f5es resultam em tipos de classes de solos distintas. <\/span><\/span><\/p>\n<p class=\"western\"><span style=\"font-family: Arial, sans-serif;\"><span style=\"font-size: medium;\">Os solos s\u00e3o formados pelo processo de <a href=\"https:\/\/brasilescola.uol.com.br\/geografia\/intemperismo.htm\" target=\"_blank\" rel=\"noopener\">intemperismo<\/a> e se inicia pela transforma\u00e7\u00e3o do material de origem, ocasionadas pela exposi\u00e7\u00e3o das rochas da litosfera a atmosfera que sofrem a\u00e7\u00e3o do clima (calor, umidade), organismos resultando em processos qu\u00edmicos e f\u00edsicos que a transformam em solo.<\/span><\/span><\/p>\n<p class=\"western\"><span style=\"font-family: Arial, sans-serif;\"><span style=\"font-size: medium;\">O tipo e intensidade do intemperismo est\u00e3o relacionados com a temperatura, pluviosidade e a vegeta\u00e7\u00e3o de uma regi\u00e3o, em regi\u00f5es de baixa pluviosidade e temperatura o intemperismo f\u00edsico \u00e9 dominante e onde as temperaturas s\u00e3o mais elevadas e a a\u00e7\u00e3o da chuva e a biol\u00f3gica s\u00e3o mais intensas, o intemperismo qu\u00edmico \u00e9 mais predominante.<\/span><\/span><\/p>\n<p class=\"western\"><span style=\"font-family: Arial, sans-serif;\"><span style=\"font-size: medium;\">O clima \u00e9 um fator que atua intensamente na forma\u00e7\u00e3o do solo. Uma mesma rocha forma solos completamente diferentes se alterada em condic\u0327o\u0303es clima\u0301ticas diferentes e materiais de origem diferentes podem formar solos \u00a0semelhantes quando sujeitos, por um longo peri\u0301odo (tempo), ao mesmo ambiente clima\u0301tico.<\/span><\/span><\/p>\n<p class=\"western\"><span style=\"font-family: Arial, sans-serif;\"><span style=\"font-size: medium;\">Quanto mais elevadas a temperatura e a precipitac\u0327a\u0303o mais ra\u0301pida e intensa sera\u0301 a decomposic\u0327a\u0303o das rochas e mais espessos sera\u0303o os solos.<\/span><\/span><\/p>\n<p class=\"western\"><span style=\"font-family: Arial, sans-serif;\"><span style=\"font-size: medium;\">Para cada 10\u00ba C de elevac\u0327a\u0303o de temperatura, a velocidade da hidro\u0301lise, a principal rea\u00e7a\u0303o qui\u0301mica responsa\u0301vel pela alterac\u0327a\u0303o das rochas, duplica. <\/span><\/span><\/p>\n<p class=\"western\"><span style=\"font-family: Arial, sans-serif;\"><span style=\"font-size: medium;\">A a\u0301gua e o ga\u0301s carb\u00f4nico nela dissolvido sa\u0303o os principais responsa\u0301veis pelas reac\u0327o\u0303es qu\u00edmicas que alteram o material de origem. <\/span><\/span><\/p>\n<p class=\"western\"><span style=\"font-family: Arial, sans-serif;\"><span style=\"font-size: medium;\">Os processos f\u00edsicos, qu\u00edmicos e biol\u00f3gicos atuam de forma n\u00e3o uniforme ao longo de uma rocha em transforma\u00e7\u00e3o e transformam a rocha em sapr\u00f3lito que um material mais solto que favorece a vida de <a href=\"https:\/\/blog.agrointeli.com.br\/blog\/o-plantio-acabou-e-agora-o-que-fazem-os-agricultores\/\">plantas<\/a> e pequenos animais.<\/span><\/span><\/p>\n<p><a href=\"https:\/\/materiais.agrointeli.com.br\/demonstracao-lp?utm_source=Blog&amp;utm_medium=Banner&amp;utm_campaign=BB\"><img decoding=\"async\" class=\"alignnone size-full wp-image-6448\" src=\"https:\/\/blog.agrointeli.com.br\/blog\/wp-content\/uploads\/2022\/07\/banner-BLOG-6k-x-1k-px-2.png\" alt=\"agrointeli\" width=\"4000\" height=\"1000\" srcset=\"https:\/\/blog.agrointeli.com.br\/blog\/wp-content\/uploads\/2022\/07\/banner-BLOG-6k-x-1k-px-2.png 4000w, https:\/\/blog.agrointeli.com.br\/blog\/wp-content\/uploads\/2022\/07\/banner-BLOG-6k-x-1k-px-2-500x125.png 500w, https:\/\/blog.agrointeli.com.br\/blog\/wp-content\/uploads\/2022\/07\/banner-BLOG-6k-x-1k-px-2-2000x500.png 2000w, https:\/\/blog.agrointeli.com.br\/blog\/wp-content\/uploads\/2022\/07\/banner-BLOG-6k-x-1k-px-2-768x192.png 768w, https:\/\/blog.agrointeli.com.br\/blog\/wp-content\/uploads\/2022\/07\/banner-BLOG-6k-x-1k-px-2-1536x384.png 1536w, https:\/\/blog.agrointeli.com.br\/blog\/wp-content\/uploads\/2022\/07\/banner-BLOG-6k-x-1k-px-2-2048x512.png 2048w, https:\/\/blog.agrointeli.com.br\/blog\/wp-content\/uploads\/2022\/07\/banner-BLOG-6k-x-1k-px-2-610x153.png 610w, https:\/\/blog.agrointeli.com.br\/blog\/wp-content\/uploads\/2022\/07\/banner-BLOG-6k-x-1k-px-2-750x188.png 750w, https:\/\/blog.agrointeli.com.br\/blog\/wp-content\/uploads\/2022\/07\/banner-BLOG-6k-x-1k-px-2-1140x285.png 1140w\" sizes=\"(max-width: 4000px) 100vw, 4000px\" \/><\/a><\/p>\n<p>&nbsp;<\/p>\n<p class=\"western\"><span style=\"font-family: Arial, sans-serif;\"><span style=\"font-size: medium;\">A partir dos sapr\u00f3litos uma s\u00e9rie de camadas surgem paralelas \u00e0 superf\u00edcie da paisagem, denominadas horizontes que possuem aspectos e constitui\u00e7\u00e3o diferente, quanto mais pr\u00f3ximo a superf\u00edcie mais modificado da constitui\u00e7\u00e3o da rocha m\u00e3e o horizonte fica, pois est\u00e1 sujeito a maior interfer\u00eancia externa, como deposi\u00e7\u00e3o de material vegetal, restos de animais, modifica\u00e7\u00e3o pela a\u00e7\u00e3o do homem.<\/span><\/span><\/p>\n<p class=\"western\"><span style=\"font-family: Arial, sans-serif;\"><span style=\"font-size: medium;\">O conjunto de horizontes da superf\u00edcie do solo at\u00e9 o material geol\u00f3gico \u00e9 chamado de perfil do solo.<\/span><\/span><\/p>\n<p class=\"western\"><span style=\"font-family: Arial, sans-serif;\"><span style=\"font-size: medium;\">O perfil de um solo bem desenvolvido \u00e9 formado pelo conjunto de cinco horizontes principais e identificados pelas letras mai\u00fasculas O, A, E, B e C (Figura 2). <\/span><\/span><\/p>\n<p class=\"western\"><span style=\"font-family: Arial, sans-serif;\"><span style=\"font-size: medium;\">Nem todas os <a href=\"https:\/\/blog.agrointeli.com.br\/blog\/analise-de-solo-e-um-investimento-saiba-o-porque\/\">solos<\/a> ir\u00e3o apresentar todos os horizontes, eles podem apresentar dois ou mais horizontes de acordo com o tempo de transforma\u00e7\u00e3o do material de origem.<\/span><\/span><\/p>\n<p><img decoding=\"async\" class=\"aligncenter wp-image-1418 size-full\" src=\"https:\/\/blog.agrointeli.com.br\/blog\/wp-content\/uploads\/2019\/12\/Figura-2_Esquema-de-um-perfil-de-solo-com-os-principais-horizontes-e-sub-horizontes..jpg\" alt=\"\" width=\"189\" height=\"303\" srcset=\"https:\/\/blog.agrointeli.com.br\/blog\/wp-content\/uploads\/2019\/12\/Figura-2_Esquema-de-um-perfil-de-solo-com-os-principais-horizontes-e-sub-horizontes..jpg 189w, https:\/\/blog.agrointeli.com.br\/blog\/wp-content\/uploads\/2019\/12\/Figura-2_Esquema-de-um-perfil-de-solo-com-os-principais-horizontes-e-sub-horizontes.-187x300.jpg 187w\" sizes=\"(max-width: 189px) 100vw, 189px\" \/><\/p>\n<p class=\"western\"><span style=\"font-family: Arial, sans-serif;\"><span style=\"font-size: medium;\">A paisagem \u00e9 a imagem da a\u00e7\u00e3o conjunta dos fatores de forma\u00e7\u00e3o do solo \u00e9 muito importante conhecer a distribui\u00e7\u00e3o dos solos na paisagem na execu\u00e7\u00e3o dos levantamentos de solos e direcionamento para a aptid\u00e3o agr\u00edcola destes.<\/span><\/span><\/p>\n<p class=\"western\"><span style=\"font-family: Arial, sans-serif;\"><span style=\"font-size: medium;\">Quando observa-se o relevo na paisagem podemos verificar que sua varia\u00e7\u00e3o condicionam uma altera\u00e7\u00e3o gradativa resultando em uma sucess\u00e3o de tipos de solos diferenciados.<\/span><\/span><\/p>\n<p class=\"western\"><span style=\"font-family: Arial, sans-serif;\"><span style=\"font-size: medium;\">Essa sequ\u00eancia de solos que pode ser observada \u00e9 denominada topossequ\u00eancia e pode ser observada nas Figuras 3, 4, 5. 6 e 7.<\/span><\/span><\/p>\n<p class=\"western\"><span style=\"font-family: Arial, sans-serif;\"><span style=\"font-size: medium;\">Em superf\u00edcies mais velhas e est\u00e1veis da paisagem com relevo plano ou suavemente ondulado, ocorrem os Latossolos, associados ou n\u00e3o com os Neossolos Quartzar\u00eanicos.<\/span><\/span><\/p>\n<p class=\"western\"><span style=\"font-family: Arial, sans-serif;\"><span style=\"font-size: medium;\">Nas superf\u00edcies mais jovens \u00a0de relevo mais ondulado ou forte ondulado encontra-se os Argissolos, Luvissolos, Cambissolos, Nitossolos e Chernossolos, e Neossolos Lit\u00f3licos.<\/span><\/span><\/p>\n<p class=\"western\"><span style=\"font-family: Arial, sans-serif;\"><span style=\"font-size: medium;\">Na faixa litor\u00e2nea do Brasil ocorrem os Espodossolos, nos tabuleiros costeiros ocorrem os Latossolos e Argissolos coesos.<\/span><\/span><\/p>\n<p class=\"western\"><span style=\"font-family: Arial, sans-serif;\"><span style=\"font-size: medium;\">Nas baixadas planas ou no ter\u00e7o inferior das encostas quase planas nas regi\u00f5es nordeste e sul encontram-se os Vertissolos.<\/span><\/span><\/p>\n<p class=\"western\"><span style=\"font-family: Arial, sans-serif;\"><span style=\"font-size: medium;\">Em relevo plano de v\u00e1rzea ocorrem os Organossolos e\/ou Gleissolos, podendo ocorrer os Cambissolos nos terra\u00e7os, e Neossolos Fl\u00favicos ao longo dos cursos d&#8217;\u00e1gua.<\/span><\/span><\/p>\n<p><img decoding=\"async\" class=\"wp-image-1426 size-full aligncenter\" src=\"https:\/\/blog.agrointeli.com.br\/blog\/wp-content\/uploads\/2019\/12\/Figura-3_Solos-paisagens-nas-v\u00e1rzeas-e-terra\u00e7os-do-Brasil..jpg\" alt=\"\" width=\"700\" height=\"329\" srcset=\"https:\/\/blog.agrointeli.com.br\/blog\/wp-content\/uploads\/2019\/12\/Figura-3_Solos-paisagens-nas-v\u00e1rzeas-e-terra\u00e7os-do-Brasil..jpg 700w, https:\/\/blog.agrointeli.com.br\/blog\/wp-content\/uploads\/2019\/12\/Figura-3_Solos-paisagens-nas-v\u00e1rzeas-e-terra\u00e7os-do-Brasil.-300x141.jpg 300w, https:\/\/blog.agrointeli.com.br\/blog\/wp-content\/uploads\/2019\/12\/Figura-3_Solos-paisagens-nas-v\u00e1rzeas-e-terra\u00e7os-do-Brasil.-610x287.jpg 610w, https:\/\/blog.agrointeli.com.br\/blog\/wp-content\/uploads\/2019\/12\/Figura-3_Solos-paisagens-nas-v\u00e1rzeas-e-terra\u00e7os-do-Brasil.-480x226.jpg 480w\" sizes=\"(max-width: 700px) 100vw, 700px\" \/><\/p>\n<p style=\"text-align: center;\">Figura 3. Solos-paisagens nas v\u00e1rzeas e terra\u00e7os do Brasil.<\/p>\n<p style=\"text-align: center;\"><img decoding=\"async\" class=\"aligncenter wp-image-1431 size-full\" src=\"https:\/\/blog.agrointeli.com.br\/blog\/wp-content\/uploads\/2019\/12\/Figura-4.-ASolos-paisagens-na-regi\u00e3o-oeste-paulista-do-Brasil.-1024x342.png\" alt=\"\" width=\"1024\" height=\"342\" srcset=\"https:\/\/blog.agrointeli.com.br\/blog\/wp-content\/uploads\/2019\/12\/Figura-4.-ASolos-paisagens-na-regi\u00e3o-oeste-paulista-do-Brasil.-1024x342.png 1024w, https:\/\/blog.agrointeli.com.br\/blog\/wp-content\/uploads\/2019\/12\/Figura-4.-ASolos-paisagens-na-regi\u00e3o-oeste-paulista-do-Brasil.-1024x342-300x100.png 300w, https:\/\/blog.agrointeli.com.br\/blog\/wp-content\/uploads\/2019\/12\/Figura-4.-ASolos-paisagens-na-regi\u00e3o-oeste-paulista-do-Brasil.-1024x342-768x257.png 768w, https:\/\/blog.agrointeli.com.br\/blog\/wp-content\/uploads\/2019\/12\/Figura-4.-ASolos-paisagens-na-regi\u00e3o-oeste-paulista-do-Brasil.-1024x342-610x204.png 610w, https:\/\/blog.agrointeli.com.br\/blog\/wp-content\/uploads\/2019\/12\/Figura-4.-ASolos-paisagens-na-regi\u00e3o-oeste-paulista-do-Brasil.-1024x342-980x327.png 980w, https:\/\/blog.agrointeli.com.br\/blog\/wp-content\/uploads\/2019\/12\/Figura-4.-ASolos-paisagens-na-regi\u00e3o-oeste-paulista-do-Brasil.-1024x342-480x160.png 480w, https:\/\/blog.agrointeli.com.br\/blog\/wp-content\/uploads\/2019\/12\/Figura-4.-ASolos-paisagens-na-regi\u00e3o-oeste-paulista-do-Brasil.-1024x342-750x250.png 750w\" sizes=\"(max-width: 1024px) 100vw, 1024px\" \/><\/p>\n<p style=\"text-align: center;\">Figura 4. A)Solos-paisagens na regi\u00e3o oeste paulista do Brasil. B) Solos-paisagens na regi\u00e3o central, Tri\u00e2ngulo Mineiro.<\/p>\n<p style=\"text-align: center;\"><img decoding=\"async\" class=\"aligncenter wp-image-1436 size-full\" src=\"https:\/\/blog.agrointeli.com.br\/blog\/wp-content\/uploads\/2019\/12\/Figura-5-3.png\" alt=\"\" width=\"700\" height=\"526\" srcset=\"https:\/\/blog.agrointeli.com.br\/blog\/wp-content\/uploads\/2019\/12\/Figura-5-3.png 700w, https:\/\/blog.agrointeli.com.br\/blog\/wp-content\/uploads\/2019\/12\/Figura-5-3-300x225.png 300w, https:\/\/blog.agrointeli.com.br\/blog\/wp-content\/uploads\/2019\/12\/Figura-5-3-610x458.png 610w, https:\/\/blog.agrointeli.com.br\/blog\/wp-content\/uploads\/2019\/12\/Figura-5-3-510x382.png 510w, https:\/\/blog.agrointeli.com.br\/blog\/wp-content\/uploads\/2019\/12\/Figura-5-3-480x361.png 480w\" sizes=\"(max-width: 700px) 100vw, 700px\" \/><\/p>\n<p style=\"text-align: center;\">Figura 5: paisagens na regi\u00e3o sul do Brasil.<\/p>\n<p style=\"text-align: center;\"><img decoding=\"async\" class=\"aligncenter wp-image-1443 size-full\" src=\"https:\/\/blog.agrointeli.com.br\/blog\/wp-content\/uploads\/2019\/12\/Figura-6-a-1024x261.png\" alt=\"\" width=\"1024\" height=\"261\" srcset=\"https:\/\/blog.agrointeli.com.br\/blog\/wp-content\/uploads\/2019\/12\/Figura-6-a-1024x261.png 1024w, https:\/\/blog.agrointeli.com.br\/blog\/wp-content\/uploads\/2019\/12\/Figura-6-a-1024x261-300x76.png 300w, https:\/\/blog.agrointeli.com.br\/blog\/wp-content\/uploads\/2019\/12\/Figura-6-a-1024x261-768x196.png 768w, https:\/\/blog.agrointeli.com.br\/blog\/wp-content\/uploads\/2019\/12\/Figura-6-a-1024x261-610x155.png 610w, https:\/\/blog.agrointeli.com.br\/blog\/wp-content\/uploads\/2019\/12\/Figura-6-a-1024x261-980x250.png 980w, https:\/\/blog.agrointeli.com.br\/blog\/wp-content\/uploads\/2019\/12\/Figura-6-a-1024x261-480x122.png 480w, https:\/\/blog.agrointeli.com.br\/blog\/wp-content\/uploads\/2019\/12\/Figura-6-a-1024x261-750x191.png 750w\" sizes=\"(max-width: 1024px) 100vw, 1024px\" \/><\/p>\n<p style=\"text-align: center;\">Figura 6 A) Solos-paisagens na regi\u00e3o norte do Brasil. B) Solos-paisagens na regi\u00e3o nordeste do Brasil.<\/p>\n<p style=\"text-align: center;\"><img decoding=\"async\" class=\"aligncenter wp-image-1448 size-full\" src=\"https:\/\/blog.agrointeli.com.br\/blog\/wp-content\/uploads\/2019\/12\/Figura-7-1024x580.png\" alt=\"\" width=\"1024\" height=\"580\" srcset=\"https:\/\/blog.agrointeli.com.br\/blog\/wp-content\/uploads\/2019\/12\/Figura-7-1024x580.png 1024w, https:\/\/blog.agrointeli.com.br\/blog\/wp-content\/uploads\/2019\/12\/Figura-7-1024x580-300x170.png 300w, https:\/\/blog.agrointeli.com.br\/blog\/wp-content\/uploads\/2019\/12\/Figura-7-1024x580-768x435.png 768w, https:\/\/blog.agrointeli.com.br\/blog\/wp-content\/uploads\/2019\/12\/Figura-7-1024x580-610x346.png 610w, https:\/\/blog.agrointeli.com.br\/blog\/wp-content\/uploads\/2019\/12\/Figura-7-1024x580-980x555.png 980w, https:\/\/blog.agrointeli.com.br\/blog\/wp-content\/uploads\/2019\/12\/Figura-7-1024x580-480x272.png 480w, https:\/\/blog.agrointeli.com.br\/blog\/wp-content\/uploads\/2019\/12\/Figura-7-1024x580-750x425.png 750w\" sizes=\"(max-width: 1024px) 100vw, 1024px\" \/><\/p>\n<p style=\"text-align: center;\">Figura 7: Solos-paisagens na regi\u00e3o centro-oeste do Brasil.<\/p>\n<p class=\"western\"><span style=\"font-family: Arial, sans-serif;\"><span style=\"font-size: medium;\">Os organismos vivos, tanto microrganismos quanto os homens, atuam de forma cont\u00ednua sobre o solo, tanto na sua forma\u00e7\u00e3o quanto na sua transforma\u00e7\u00e3o \u00a0alterando sua composi\u00e7\u00e3o f\u00edsico-qu\u00edmica.<\/span><\/span><\/p>\n<p class=\"western\"><span style=\"font-family: Arial, sans-serif;\"><span style=\"font-size: medium;\">Os microrganismos, como as bact\u00e9rias, algas e fungos, atuam na a\u00e7\u00e3o do intemperismo biol\u00f3gico, fazendo-se presentes na decomposi\u00e7\u00e3o das rochas e tamb\u00e9m na altera\u00e7\u00e3o dos compostos vegetais ou mineral\u00f3gicos dos solos, tornando-os mais f\u00e9rteis ou mais pobres. <\/span><\/span><\/p>\n<p class=\"western\"><span style=\"font-family: Arial, sans-serif;\"><span style=\"font-size: medium;\">As plantas por via de crescimento radicular atuando na penetra\u00e7\u00e3o das fendas das rochas liberando compostos org\u00e2nicos e transformando o solo, al\u00e9m da deposi\u00e7\u00e3o de material org\u00e2nico na superf\u00edcie do solo, assim como os animais via libera\u00e7\u00e3o de excrementos realizando a ciclagem de <a href=\"https:\/\/blog.agrointeli.com.br\/blog\/identifique-e-corrija-deficiencias-nutricionais-um-passo-a-passo\/\">nutrientes<\/a> no solo.<\/span><\/span><\/p>\n<p class=\"western\"><span style=\"font-family: Arial, sans-serif;\"><span style=\"font-size: medium;\">A macrofauna atua no processo de bioturba\u00e7\u00e3o formando galerias e canais que permite a entrada de \u00e1gua e sedimentos ao longo do perfil, introduzindo e alterando material org\u00e2nico, mineralizando e atuando na forma\u00e7\u00e3o de agregados do solo, favorecendo a forma\u00e7\u00e3o de macroporos. <\/span><\/span><\/p>\n<p class=\"western\"><span style=\"font-family: Arial, sans-serif;\"><span style=\"font-size: medium;\">No caso dos seres humanos as modifica\u00e7\u00f5es do <a href=\"https:\/\/blog.agrointeli.com.br\/blog\/analise-de-solo-e-um-investimento-saiba-o-porque\/\">solo<\/a> ocorre quando num processo de ara\u00e7\u00e3o e gradagem h\u00e1 o revolvimento do horizonte A, adi\u00e7\u00e3o de corretivos, fertilizantes e res\u00edduos org\u00e2nicos, remo\u00e7\u00e3o da cobertura vegetal. <\/span><\/span><\/p>\n<p class=\"western\"><span style=\"font-family: Arial, sans-serif;\"><span style=\"font-size: medium;\">O homem gera impactos r\u00e1pidos e, muitas vezes, profundamente sentidos, como nas ocorr\u00eancias de eros\u00f5es, desertifica\u00e7\u00f5es e outros processos.<\/span><\/span><\/p>\n<p class=\"western\"><span style=\"font-family: Arial, sans-serif;\"><span style=\"font-size: medium;\">Por isso deve identificar a \u00e1rea que se deseja produzir \u00e9 importante observar o relevo, avaliar as condi\u00e7\u00f5es meteorol\u00f3gicas, saber o hist\u00f3rico do terreno para determinar se a \u00e1rea tem condi\u00e7\u00f5es de ser agricult\u00e1vel e assim determinar quais as melhores culturas ir\u00e3o se desenvolver nesta \u00e1rea, avaliando as implica\u00e7\u00f5es agron\u00f4micas.<\/span><\/span><\/p>\n<p class=\"western\"><span style=\"font-family: Arial, sans-serif;\"><span style=\"font-size: medium;\">Todo o processo de intemperismo necessita de tempo e este dependendo da combina\u00e7\u00e3o dos outros fatores de forma\u00e7\u00e3o ir\u00e1 ser mais r\u00e1pido ou mais lento.<\/span><\/span><\/p>\n<p class=\"western\"><span style=\"font-family: Arial, sans-serif;\"><span style=\"font-size: medium;\">Resumindo \u00e9 importante compreender os processos de forma\u00e7\u00e3o do solo que s\u00e3o (Material de origem, Relevo, Clima, Organismo e Tempo) pois eles determinam os tipos de classes de solo formadas e \u00a0assim determinar a aptid\u00e3o agr\u00edcola deste e fazer o melhor uso do solo, podendo produzir conservando este bem t\u00e3o importante e de relevante impacto para a vida, tanto quanto produ\u00e7\u00e3o de alimento \u00a0e quanto morada. <\/span><\/span><\/p>\n<p class=\"western\"><strong>D\u00favidas?<\/strong><\/p>\n<p class=\"western\"><span style=\"font-family: Arial, sans-serif;\"><span style=\"font-size: medium;\">Ficou com alguma d\u00favida? Fique a vontade para deix\u00e1-las em nossos coment\u00e1rios!\u00a0<\/span><\/span><\/p>\n<p><a href=\"https:\/\/materiais.agrointeli.com.br\/demonstracao-lp?utm_source=Blog&amp;utm_medium=Banner&amp;utm_campaign=BB\"><img decoding=\"async\" class=\"alignnone size-full wp-image-6448\" src=\"https:\/\/blog.agrointeli.com.br\/blog\/wp-content\/uploads\/2022\/07\/banner-BLOG-6k-x-1k-px-2.png\" alt=\"agrointeli\" width=\"4000\" height=\"1000\" srcset=\"https:\/\/blog.agrointeli.com.br\/blog\/wp-content\/uploads\/2022\/07\/banner-BLOG-6k-x-1k-px-2.png 4000w, https:\/\/blog.agrointeli.com.br\/blog\/wp-content\/uploads\/2022\/07\/banner-BLOG-6k-x-1k-px-2-500x125.png 500w, https:\/\/blog.agrointeli.com.br\/blog\/wp-content\/uploads\/2022\/07\/banner-BLOG-6k-x-1k-px-2-2000x500.png 2000w, https:\/\/blog.agrointeli.com.br\/blog\/wp-content\/uploads\/2022\/07\/banner-BLOG-6k-x-1k-px-2-768x192.png 768w, https:\/\/blog.agrointeli.com.br\/blog\/wp-content\/uploads\/2022\/07\/banner-BLOG-6k-x-1k-px-2-1536x384.png 1536w, https:\/\/blog.agrointeli.com.br\/blog\/wp-content\/uploads\/2022\/07\/banner-BLOG-6k-x-1k-px-2-2048x512.png 2048w, https:\/\/blog.agrointeli.com.br\/blog\/wp-content\/uploads\/2022\/07\/banner-BLOG-6k-x-1k-px-2-610x153.png 610w, https:\/\/blog.agrointeli.com.br\/blog\/wp-content\/uploads\/2022\/07\/banner-BLOG-6k-x-1k-px-2-750x188.png 750w, https:\/\/blog.agrointeli.com.br\/blog\/wp-content\/uploads\/2022\/07\/banner-BLOG-6k-x-1k-px-2-1140x285.png 1140w\" sizes=\"(max-width: 4000px) 100vw, 4000px\" \/><\/a><\/p>\n","protected":false},"excerpt":{"rendered":"<p>Hoje, vamos aprender como ocorre o processo de forma\u00e7\u00e3o de um dos recursos naturais da terra que \u00e9 o solo, essencial para o planejamento de safra. Esse assunto \u00e9 de relevante import\u00e2ncia pois a maioria dos nossos alimentos s\u00e3o oriundos direta ou indiretamente de produ\u00e7\u00f5es agr\u00edcolas e de pastagens. As plantas utilizam o solo para [&hellip;]<\/p>\n","protected":false},"author":14,"featured_media":1697,"comment_status":"open","ping_status":"open","sticky":false,"template":"","format":"standard","meta":{"_coblocks_attr":"","_coblocks_dimensions":"","_coblocks_responsive_height":"","_coblocks_accordion_ie_support":"","_mi_skip_tracking":false,"spay_email":""},"categories":[21],"tags":[],"jetpack_featured_media_url":"https:\/\/blog.agrointeli.com.br\/blog\/wp-content\/uploads\/2019\/12\/79248220_885901435140847_3375020769036730368_o.jpg","_links":{"self":[{"href":"https:\/\/blog.agrointeli.com.br\/blog\/wp-json\/wp\/v2\/posts\/1694"}],"collection":[{"href":"https:\/\/blog.agrointeli.com.br\/blog\/wp-json\/wp\/v2\/posts"}],"about":[{"href":"https:\/\/blog.agrointeli.com.br\/blog\/wp-json\/wp\/v2\/types\/post"}],"author":[{"embeddable":true,"href":"https:\/\/blog.agrointeli.com.br\/blog\/wp-json\/wp\/v2\/users\/14"}],"replies":[{"embeddable":true,"href":"https:\/\/blog.agrointeli.com.br\/blog\/wp-json\/wp\/v2\/comments?post=1694"}],"version-history":[{"count":5,"href":"https:\/\/blog.agrointeli.com.br\/blog\/wp-json\/wp\/v2\/posts\/1694\/revisions"}],"predecessor-version":[{"id":6945,"href":"https:\/\/blog.agrointeli.com.br\/blog\/wp-json\/wp\/v2\/posts\/1694\/revisions\/6945"}],"wp:featuredmedia":[{"embeddable":true,"href":"https:\/\/blog.agrointeli.com.br\/blog\/wp-json\/wp\/v2\/media\/1697"}],"wp:attachment":[{"href":"https:\/\/blog.agrointeli.com.br\/blog\/wp-json\/wp\/v2\/media?parent=1694"}],"wp:term":[{"taxonomy":"category","embeddable":true,"href":"https:\/\/blog.agrointeli.com.br\/blog\/wp-json\/wp\/v2\/categories?post=1694"},{"taxonomy":"post_tag","embeddable":true,"href":"https:\/\/blog.agrointeli.com.br\/blog\/wp-json\/wp\/v2\/tags?post=1694"}],"curies":[{"name":"wp","href":"https:\/\/api.w.org\/{rel}","templated":true}]}}