{"id":1685,"date":"2019-12-12T21:19:03","date_gmt":"2019-12-13T00:19:03","guid":{"rendered":"http:\/\/agriculturadofuturo.com.br\/blog\/?p=1685"},"modified":"2022-10-07T16:33:55","modified_gmt":"2022-10-07T20:33:55","slug":"o-futuro-da-alimentacao-produzindo-mais-na-mesma-area-parte-i","status":"publish","type":"post","link":"https:\/\/blog.agrointeli.com.br\/blog\/o-futuro-da-alimentacao-produzindo-mais-na-mesma-area-parte-i\/","title":{"rendered":"O FUTURO DA ALIMENTA\u00c7\u00c3O: PRODUZINDO MAIS NA MESMA \u00c1REA (Parte I)"},"content":{"rendered":"<p><span style=\"color: #383838;\"><span style=\"font-family: Arial, serif;\">Leitores do Agro, neste post contextualizamos e apontamos solu\u00e7\u00f5es para o principal desafio da sustentabilidade na agricultura em nossos tempos: produzir mais alimentos e mat\u00e9rias-primas a partir dos incrementos em produtividade, evitando a incorpora\u00e7\u00e3o de novas \u00e1reas e seus impactos socioambientais decorrentes.<\/span><\/span><\/p>\n<h2>O DESAFIO<\/h2>\n<p><span style=\"font-family: Times New Roman, serif;\"><span style=\"font-size: medium;\"><span style=\"color: #383838;\"><span style=\"font-family: Arial, serif;\">Existem tr\u00eas principais raz\u00f5es pelas quais a produtividade nas \u00e1reas em produ\u00e7\u00e3o existentes dever\u00e1 aumentar dramaticamente nos pr\u00f3ximos 40 anos:<\/span><\/span><\/span><\/span><\/p>\n<ul>\n<li><span style=\"font-family: Times New Roman, serif;\"><span style=\"font-size: medium;\"><span style=\"color: #383838;\"><span style=\"font-family: Arial, serif;\"><strong>\u00c9 improv\u00e1vel que a popula\u00e7\u00e3o mundial se estabilize neste s\u00e9culo<\/strong> e, com a atual tend\u00eancia, ela chegar\u00e1 em <\/span><\/span><a href=\"http:\/\/agenciabrasil.ebc.com.br\/internacional\/noticia\/2017-06\/onu-diz-que-populacao-mundial-chegara-86-bilhoes-de-pessoas-em-2030)\" target=\"_blank\" rel=\"noopener\"><span style=\"font-family: Arial, serif;\">12 bilh\u00f5es de pessoas em 2.100\u00a0<\/span><\/a><\/span><\/span><span style=\"font-family: Times New Roman, serif;\"><span style=\"font-size: medium;\"><span style=\"color: #000000;\"><span style=\"font-family: Arial, serif;\">(Figura 1).<\/span><\/span><span style=\"color: #383838;\"><span style=\"font-family: Arial, serif;\"> Isso \u00e9 praticamente o dobro da popula\u00e7\u00e3o atual e <\/span><\/span><span style=\"font-family: Arial, serif;\">uma grande quantidade de novas pessoas para alimentar .<\/span> <\/span><\/span><\/li>\n<\/ul>\n<p><img decoding=\"async\" class=\"aligncenter wp-image-2329 size-full\" src=\"https:\/\/blog.agrointeli.com.br\/blog\/wp-content\/uploads\/2019\/12\/Figura-1-1-1.jpg\" alt=\"\" width=\"624\" height=\"665\" \/><\/p>\n<ul>\n<li><span style=\"font-family: Times New Roman, serif;\"><span style=\"font-size: medium;\"><span style=\"color: #383838;\"><span style=\"font-family: Arial, serif;\">O crescimento econ\u00f4mi<span style=\"color: #000000;\">co <\/span><\/span><\/span><span style=\"color: #000000;\"><span style=\"font-family: Arial, serif;\">(Figura 2)<\/span><\/span><span style=\"color: #383838;\"><span style=\"font-family: Arial, serif;\">, a urbaniza\u00e7\u00e3o e a aflu\u00eancia de economias emergentes em desenvolvimento est\u00e3o levando o planeta a uma \u201ctransi\u00e7\u00e3o nutricional\u201d, notadamente atrav\u00e9s de dietas ocidentais mais ricas em a\u00e7\u00facar, <\/span><\/span><span style=\"font-family: Arial, serif;\">gordura animal e <a href=\"https:\/\/www.beefpoint.com.br\/fao-aumento-no-consumo-de-carne-no-mundo-20605\/\" target=\"_blank\" rel=\"noopener\">prote\u00edna<\/a><\/span><span style=\"color: #383838;\"><span style=\"font-family: Arial, serif;\">. N\u00e3o se esque\u00e7am que se exige 2,5 a 100 vezes mais recursos para produzir energia e prote\u00edna de fontes animais do que de gr\u00e3os.<\/span><\/span><\/span><\/span><\/li>\n<\/ul>\n<p><img decoding=\"async\" class=\"aligncenter wp-image-1414 size-full\" src=\"https:\/\/blog.agrointeli.com.br\/blog\/wp-content\/uploads\/2019\/12\/Figura-2-4.png\" alt=\"\" width=\"593\" height=\"404\" srcset=\"https:\/\/blog.agrointeli.com.br\/blog\/wp-content\/uploads\/2019\/12\/Figura-2-4.png 593w, https:\/\/blog.agrointeli.com.br\/blog\/wp-content\/uploads\/2019\/12\/Figura-2-4-300x204.png 300w, https:\/\/blog.agrointeli.com.br\/blog\/wp-content\/uploads\/2019\/12\/Figura-2-4-480x327.png 480w\" sizes=\"(max-width: 593px) 100vw, 593px\" \/><\/p>\n<ul>\n<li><span style=\"font-family: Times New Roman, serif;\"><span style=\"font-size: medium;\"><span style=\"color: #383838;\"><span style=\"font-family: Arial, serif;\">H\u00e1 um escopo limitado para expandir significativamente as terras agr\u00edcolas depois que restri\u00e7\u00f5es e compensa\u00e7\u00f5es s\u00e3o consideradas. A incorpora\u00e7\u00e3o de novas \u00e1reas dentro do sistema produtivo envolve importantes <a href=\"https:\/\/mundoeducacao.bol.uol.com.br\/geografia\/impactos-producao-agricola.htm\" target=\"_blank\" rel=\"noopener\">restri\u00e7\u00f5es e <\/a><\/span><\/span><span style=\"font-family: Arial, serif;\">altos custos sociais e ecol\u00f3gicos<\/span><span style=\"font-family: Arial, serif;\">.<\/span><\/span><\/span><\/li>\n<\/ul>\n<p><strong><span style=\"font-family: Times New Roman, serif;\"><span style=\"font-size: medium;\"><span style=\"color: #383838;\"><span style=\"font-family: Arial, serif;\"> Ent\u00e3o, como n\u00f3s vamos conseguir lidar com esse desafio? <\/span><\/span><\/span><\/span><\/strong><\/p>\n<h1><a href=\"http:\/\/agrointeli.com.br\/demonstracao?utm_source=post&amp;utm_medium=blog\" target=\"_blank\" rel=\"http:\/\/agrointeli.com.br\/demonstracao?utm_source=post&amp;utm_medium=blog noopener noreferrer\"><img decoding=\"async\" class=\"aligncenter wp-image-815 size-full\" src=\"http:\/\/blog.agrointeli.com.br\/wp-content\/uploads\/2019\/05\/O-software-de-monitoramento-agr\u00edcola.png\" alt=\"\" width=\"974\" height=\"90\" \/><\/a><\/h1>\n<h2>AUMENTO DE PRODUTIVIDADE<\/h2>\n<p><b> <\/b><span style=\"color: #383838;\"><span style=\"font-family: Arial, serif;\">Existe uma lacuna entre as atuais produtividades agr\u00edcolas e o aumento poss\u00edvel na quantidade de alimento produzido por \u00e1rea que poderia ser alcan\u00e7ado caso as boas pr\u00e1ticas de manejo agron\u00f4mico fossem implementadas.<\/span><\/span><b> <\/b><span style=\"color: #383838;\"><span style=\"font-family: Arial, serif;\">O trabalho para reduzir essa diferen\u00e7a \u00e9 chamado de \u201credu\u00e7\u00e3o das lacunas de produtividade ou rendimento\u201d.<\/span><\/span><span style=\"color: #383838;\"><span style=\"font-family: Arial, serif;\"> Sabemos que apenas o trabalho isolado (focado exclusivamente no par\u00e2metro produtividade) para a redu\u00e7\u00e3o das lacunas de produtividade provavelmente nos ajudar\u00e1 a atender quase metade do aumento da demanda por alimentos at\u00e9 2050. Por\u00e9m, a tend\u00eancia \u00e9 que preocupa\u00e7\u00f5es adicionais com qualidade nutricional e custo ambiental ganhem espa\u00e7o tamb\u00e9m.<\/span><\/span><\/p>\n<p><span style=\"font-family: Times New Roman, serif;\"><span style=\"font-size: medium;\"><span style=\"color: #383838;\"><span style=\"font-family: Arial, serif;\">O aumento da produtividade agr\u00edcola e do fornecimento de alimentos foram listados como a\u00e7\u00f5es pr\u00e1ticas fundamentais pelos <\/span><\/span><a href=\"http:\/\/g1.globo.com\/mundo\/noticia\/2014\/11\/em-clima-de-descontracao-lideres-do-g20-fazem-foto-oficial-na-australia.html\" target=\"_blank\" rel=\"noopener\"><span style=\"font-family: Arial, serif;\">l\u00edderes do G20 quando se encontraram em Brisbane, em 2014<\/span><\/a><span style=\"color: #383838;\"><span style=\"font-family: Arial, serif;\">. Apoiar a seguran\u00e7a alimentar e o crescimento econ\u00f4mico em pa\u00edses de baixa renda \u00e9 uma maneira de gerar oportunidades de investimento e incrementar o com\u00e9rcio global. Por exemplo, o crescimento econ\u00f4mico na \u00c1frica foi planejado para alcan\u00e7ar 5,2% em 2014, a partir de maiores investimentos em recursos naturais e infraestrutura e, tamb\u00e9m, por conta do maior consumo das fam\u00edlias.<\/span><\/span><\/span><\/span><\/p>\n<p><span style=\"font-family: Times New Roman, serif;\"><span style=\"font-size: medium;\"><span style=\"color: #383838;\"><span style=\"font-family: Arial, serif;\">Por\u00e9m, o aumento de produtividade com o uso dos recursos solo e \u00e1gua n\u00e3o deve ocorrer \u00e0s custas do meio ambiente ou das fontes de subsist\u00eancia dos grupos humanos e animais e das pr\u00f3ximas gera\u00e7\u00f5es. Embora ainda haja muita possibilidade de aumentar a produtividade de nossas culturas<span style=\"color: #000000;\">, as \u00faltimas d\u00e9cadas j\u00e1 assistiram a um crescimento vertiginoso dos rendimentos brasileiros <\/span><\/span><\/span><span style=\"color: #000000;\"><span style=\"font-family: Arial, serif;\">(Figura 3)<\/span><\/span><span style=\"color: #383838;\"><span style=\"font-family: Arial, serif;\">.<\/span><\/span><\/span><\/span><\/p>\n<p><img decoding=\"async\" class=\"aligncenter wp-image-1428 size-full\" src=\"https:\/\/blog.agrointeli.com.br\/blog\/wp-content\/uploads\/2019\/12\/Figura-3-1024x528.png\" alt=\"\" width=\"1024\" height=\"528\" srcset=\"https:\/\/blog.agrointeli.com.br\/blog\/wp-content\/uploads\/2019\/12\/Figura-3-1024x528.png 1024w, https:\/\/blog.agrointeli.com.br\/blog\/wp-content\/uploads\/2019\/12\/Figura-3-1024x528-300x155.png 300w, https:\/\/blog.agrointeli.com.br\/blog\/wp-content\/uploads\/2019\/12\/Figura-3-1024x528-768x396.png 768w, https:\/\/blog.agrointeli.com.br\/blog\/wp-content\/uploads\/2019\/12\/Figura-3-1024x528-610x315.png 610w, https:\/\/blog.agrointeli.com.br\/blog\/wp-content\/uploads\/2019\/12\/Figura-3-1024x528-980x505.png 980w, https:\/\/blog.agrointeli.com.br\/blog\/wp-content\/uploads\/2019\/12\/Figura-3-1024x528-480x248.png 480w, https:\/\/blog.agrointeli.com.br\/blog\/wp-content\/uploads\/2019\/12\/Figura-3-1024x528-750x387.png 750w\" sizes=\"(max-width: 1024px) 100vw, 1024px\" \/><\/p>\n<h2><strong>Quem saber mais?<\/strong><\/h2>\n<p><span style=\"font-family: Arial, serif;\">Achou interessante a discuss\u00e3o? Ela ainda n\u00e3o acabou! <strong>Na parte II, que postaremos em breve,<\/strong> discutiremos a import\u00e2ncia de pensar a partir de uma outra perspectiva e como parcerias entre os setores p\u00fablico e privado podem aumentar ainda mais o rendimento de nossas culturas.<\/span><\/p>\n<h2><a href=\"https:\/\/materiais.agrointeli.com.br\/demonstracao-lp?utm_source=Blog&amp;utm_medium=Banner&amp;utm_campaign=BB\"><img decoding=\"async\" class=\"alignnone size-full wp-image-6448\" src=\"https:\/\/blog.agrointeli.com.br\/blog\/wp-content\/uploads\/2022\/07\/banner-BLOG-6k-x-1k-px-2.png\" alt=\"agrointeli\" width=\"4000\" height=\"1000\" srcset=\"https:\/\/blog.agrointeli.com.br\/blog\/wp-content\/uploads\/2022\/07\/banner-BLOG-6k-x-1k-px-2.png 4000w, https:\/\/blog.agrointeli.com.br\/blog\/wp-content\/uploads\/2022\/07\/banner-BLOG-6k-x-1k-px-2-500x125.png 500w, https:\/\/blog.agrointeli.com.br\/blog\/wp-content\/uploads\/2022\/07\/banner-BLOG-6k-x-1k-px-2-2000x500.png 2000w, https:\/\/blog.agrointeli.com.br\/blog\/wp-content\/uploads\/2022\/07\/banner-BLOG-6k-x-1k-px-2-768x192.png 768w, https:\/\/blog.agrointeli.com.br\/blog\/wp-content\/uploads\/2022\/07\/banner-BLOG-6k-x-1k-px-2-1536x384.png 1536w, https:\/\/blog.agrointeli.com.br\/blog\/wp-content\/uploads\/2022\/07\/banner-BLOG-6k-x-1k-px-2-2048x512.png 2048w, https:\/\/blog.agrointeli.com.br\/blog\/wp-content\/uploads\/2022\/07\/banner-BLOG-6k-x-1k-px-2-610x153.png 610w, https:\/\/blog.agrointeli.com.br\/blog\/wp-content\/uploads\/2022\/07\/banner-BLOG-6k-x-1k-px-2-750x188.png 750w, https:\/\/blog.agrointeli.com.br\/blog\/wp-content\/uploads\/2022\/07\/banner-BLOG-6k-x-1k-px-2-1140x285.png 1140w\" sizes=\"(max-width: 4000px) 100vw, 4000px\" \/><\/a><\/h2>\n","protected":false},"excerpt":{"rendered":"<p>Leitores do Agro, neste post contextualizamos e apontamos solu\u00e7\u00f5es para o principal desafio da sustentabilidade na agricultura em nossos tempos: produzir mais alimentos e mat\u00e9rias-primas a partir dos incrementos em produtividade, evitando a incorpora\u00e7\u00e3o de novas \u00e1reas e seus impactos socioambientais decorrentes. O DESAFIO Existem tr\u00eas principais raz\u00f5es pelas quais a produtividade nas \u00e1reas em [&hellip;]<\/p>\n","protected":false},"author":1,"featured_media":1689,"comment_status":"open","ping_status":"open","sticky":false,"template":"","format":"standard","meta":{"_coblocks_attr":"","_coblocks_dimensions":"","_coblocks_responsive_height":"","_coblocks_accordion_ie_support":"","_mi_skip_tracking":false,"spay_email":""},"categories":[20],"tags":[],"jetpack_featured_media_url":"https:\/\/blog.agrointeli.com.br\/blog\/wp-content\/uploads\/2019\/12\/77052217_885892195141771_2968105323916689408_o.jpg","_links":{"self":[{"href":"https:\/\/blog.agrointeli.com.br\/blog\/wp-json\/wp\/v2\/posts\/1685"}],"collection":[{"href":"https:\/\/blog.agrointeli.com.br\/blog\/wp-json\/wp\/v2\/posts"}],"about":[{"href":"https:\/\/blog.agrointeli.com.br\/blog\/wp-json\/wp\/v2\/types\/post"}],"author":[{"embeddable":true,"href":"https:\/\/blog.agrointeli.com.br\/blog\/wp-json\/wp\/v2\/users\/1"}],"replies":[{"embeddable":true,"href":"https:\/\/blog.agrointeli.com.br\/blog\/wp-json\/wp\/v2\/comments?post=1685"}],"version-history":[{"count":3,"href":"https:\/\/blog.agrointeli.com.br\/blog\/wp-json\/wp\/v2\/posts\/1685\/revisions"}],"predecessor-version":[{"id":6830,"href":"https:\/\/blog.agrointeli.com.br\/blog\/wp-json\/wp\/v2\/posts\/1685\/revisions\/6830"}],"wp:featuredmedia":[{"embeddable":true,"href":"https:\/\/blog.agrointeli.com.br\/blog\/wp-json\/wp\/v2\/media\/1689"}],"wp:attachment":[{"href":"https:\/\/blog.agrointeli.com.br\/blog\/wp-json\/wp\/v2\/media?parent=1685"}],"wp:term":[{"taxonomy":"category","embeddable":true,"href":"https:\/\/blog.agrointeli.com.br\/blog\/wp-json\/wp\/v2\/categories?post=1685"},{"taxonomy":"post_tag","embeddable":true,"href":"https:\/\/blog.agrointeli.com.br\/blog\/wp-json\/wp\/v2\/tags?post=1685"}],"curies":[{"name":"wp","href":"https:\/\/api.w.org\/{rel}","templated":true}]}}