{"id":1676,"date":"2019-12-12T21:08:21","date_gmt":"2019-12-13T00:08:21","guid":{"rendered":"http:\/\/agriculturadofuturo.com.br\/blog\/?p=1676"},"modified":"2022-10-10T16:22:40","modified_gmt":"2022-10-10T20:22:40","slug":"o-futuro-da-alimentacao-produzindo-mais-na-mesma-area-parte-ii","status":"publish","type":"post","link":"https:\/\/blog.agrointeli.com.br\/blog\/o-futuro-da-alimentacao-produzindo-mais-na-mesma-area-parte-ii\/","title":{"rendered":"O FUTURO DA ALIMENTA\u00c7\u00c3O: PRODUZINDO MAIS NA MESMA \u00c1REA (Parte II)"},"content":{"rendered":"<p>Confira a parte I deste texto <a href=\"https:\/\/blog.agrointeli.com.br\/blog\/o-futuro-da-alimentacao-produzindo-mais-na-mesma-area-parte-i\/\">aqui<\/a>, na qual discutimos porque o aumento dos rendimentos agr\u00edcolas, sem necessariamente desmatar e incorporar outras \u00e1reas \u00e0s terras produtivas j\u00e1 em uso, \u00e9 um dos maiores desafios \u00e0 seguran\u00e7a alimentar para a humanidade, especialmente nos pa\u00edses emergentes.<\/p>\n<h2>MAIS DO MESMO LUGAR<\/h2>\n<p><span style=\"font-family: Times New Roman, serif;\"><span style=\"font-size: medium;\"><span style=\"color: #383838;\"><span style=\"font-family: Arial, serif;\">A intensifica\u00e7\u00e3o sustent\u00e1vel da agricultura <\/span><\/span><span style=\"color: #000000;\"><span style=\"font-family: Arial, serif;\">(Figura 4)<\/span><\/span><span style=\"color: #383838;\"><span style=\"font-family: Arial, serif;\"> foi proposta como uma solu\u00e7\u00e3o poss\u00edvel, sendo pensada tamb\u00e9m <a href=\"https:\/\/seer.sede.embrapa.br\/index.php\/RPA\/article\/view\/1160\" target=\"_blank\" rel=\"noopener\">para a realidade brasileira<\/a><\/span><\/span><span style=\"color: #383838;\"><span style=\"font-family: Arial, serif;\">. Isso significa produzir mais alimentos a partir das terras agr\u00edcolas j\u00e1 em cultivo, de forma que o potencial de produ\u00e7\u00e3o futuro e os meios de subsist\u00eancia das comunidades rurais n\u00e3o sejam prejudicados e o meio ambiente n\u00e3o seja negativamente afetado.<\/span><\/span><\/span><\/span><\/p>\n<p><img decoding=\"async\" class=\"aligncenter wp-image-1432 size-full\" src=\"https:\/\/blog.agrointeli.com.br\/blog\/wp-content\/uploads\/2019\/12\/Figura-4.jpg\" alt=\"\" width=\"650\" height=\"496\" srcset=\"https:\/\/blog.agrointeli.com.br\/blog\/wp-content\/uploads\/2019\/12\/Figura-4.jpg 650w, https:\/\/blog.agrointeli.com.br\/blog\/wp-content\/uploads\/2019\/12\/Figura-4-300x229.jpg 300w, https:\/\/blog.agrointeli.com.br\/blog\/wp-content\/uploads\/2019\/12\/Figura-4-610x465.jpg 610w, https:\/\/blog.agrointeli.com.br\/blog\/wp-content\/uploads\/2019\/12\/Figura-4-480x366.jpg 480w\" sizes=\"(max-width: 650px) 100vw, 650px\" \/><\/p>\n<p><span style=\"font-family: Times New Roman, serif;\"><span style=\"font-size: medium;\"><span style=\"color: #383838;\"><span style=\"font-family: Arial, serif;\">Por exemplo, \u00e9 mais prov\u00e1vel que culturas, variedades e manejos mais adequados \u00e0s condi\u00e7\u00f5es sazonais aumentem a produtividade e reduzam os riscos tanto na agricultura familiar de pequena escala quanto no agroneg\u00f3cio em larga escala.<\/span><\/span><\/span><\/span><\/p>\n<p><span style=\"font-family: Times New Roman, serif;\"><span style=\"font-size: medium;\"><span style=\"color: #383838;\"><span style=\"font-family: Arial, serif;\">Por\u00e9m, metas, cronogramas, indicadores mensur\u00e1veis \u200b\u200be m\u00e9todos necess\u00e1rios para alcan\u00e7ar a intensifica\u00e7\u00e3o sustent\u00e1vel permanecem pouco definidos. Isso inibe qualquer an\u00e1lise mais t\u00e9cnica das trocas entre as diferentes fun\u00e7\u00f5es da agricultura: produ\u00e7\u00e3o de alimentos e fibras, produtos ambientais e socioecon\u00f4micos.<\/span><\/span><\/span><\/span><\/p>\n<p><span style=\"font-family: Times New Roman, serif;\"><span style=\"font-size: medium;\"><span style=\"font-family: Arial, serif;\">Obviamente, a quantifica\u00e7\u00e3o e an\u00e1lise dessas trocas (trade-offs) exigir\u00e3o um novo pensamento al\u00e9m do tradicionalmente restrito foco no aumento de rendimento por si s\u00f3. A agricultura de precis\u00e3o envolve uma <\/span><a href=\"https:\/\/blog.agrointeli.com.br\/blog\/5-tecnologias-que-estao-mudando-a-industria-agropecuaria\/\"><span style=\"font-family: Arial, serif;\">s\u00e9rie de tecnologias<\/span><\/a>\u00a0<span style=\"font-family: Arial, serif;\">que est\u00e3o mudando a forma de pensar e fazer agricultura, com foco n\u00e3o apenas nos rendimentos, mas tamb\u00e9m no planejamento e na seguran\u00e7a da atividade, uma vez que torna poss\u00edvel se adequar com anteced\u00eancia a quaisquer problemas clim\u00e1ticos, fitossanit\u00e1rios e ed\u00e1ficos (no solo) detectados no monitoramento remoto por computadores.<\/span><\/span><\/span><\/p>\n<p><span style=\"font-family: Times New Roman, serif;\"><span style=\"font-size: medium;\"><span style=\"font-family: Arial, serif;\">No Brasil, j\u00e1 existem empresas de sucesso no ramo da precis\u00e3o, como a <\/span><a href=\"http:\/\/www.agrointeli.com.br\/\"><span style=\"font-family: Arial, serif;\">Agrointeli<\/span><\/a><span style=\"font-family: Arial, serif;\">, <\/span><span style=\"font-family: Arial, serif;\">que oferece um servi\u00e7o de acompanhamento e monitoramento das culturas por sat\u00e9lites. Como principais vantagens, neste caso, est\u00e3o os benef\u00edcios das imagens NDVI (em ingl\u00eas, \u00cdndice de Vegeta\u00e7\u00e3o da Natureza Normalizada), cujo processamento torna poss\u00edvel analisar a condi\u00e7\u00e3o real de uma planta\u00e7\u00e3o e se aplica a diferentes fins agr\u00edcolas. <\/span><\/span><\/span><\/p>\n<p><span style=\"font-family: Times New Roman, serif;\"><span style=\"font-size: medium;\"><span style=\"font-family: Arial, serif;\">As diversas nuances e colora\u00e7\u00f5es permitidas pelo tratamento destas imagens indicam, por exemplo, as \u00e1reas com maior produtividade, com menor densidade vegetativa ou com anomalias fisiol\u00f3gicas, por exemplo, permitindo a identifica\u00e7\u00e3o de problemas e reduzindo o risco nas tomadas de decis\u00e3o sobre as medidas corretivas.<\/span><\/span><\/span><\/p>\n<h2>UMA NOVA FORMA DE PENSAR<\/h2>\n<p><span style=\"font-family: Times New Roman, serif;\"><span style=\"font-size: medium;\"><span style=\"color: #383838;\"><span style=\"font-family: Arial, serif;\">Claramente, o primeiro desafio \u00e9 quebrar os r\u00edgidos padr\u00f5es disciplinares do conhecimento. Isso permitir\u00e1 que uma gama mais ampla de cientistas trabalhe com partes interessadas <\/span><\/span><span style=\"font-family: Arial, serif;\">(<a href=\"https:\/\/www.portaldoagronegocio.com.br\/artigo\/identificando-e-engajando-stakeholders\" target=\"_blank\" rel=\"noopener\">stakeholders<\/a>)<\/span> <span style=\"color: #383838;\"><span style=\"font-family: Arial, serif;\">muito al\u00e9m dos agricultores, incluindo ambientalistas, diferentes subsetores do agroneg\u00f3cio, da ind\u00fastria, organiza\u00e7\u00f5es n\u00e3o governamentais (ONGs) e governos.<\/span><\/span><\/span><\/span><\/p>\n<p><span style=\"font-family: Times New Roman, serif;\"><span style=\"font-size: medium;\"><span style=\"color: #383838;\"><span style=\"font-family: Arial, serif;\">Al\u00e9m disso, quaisquer interven\u00e7\u00f5es pr\u00e1ticas e tecnologias necess\u00e1rias provavelmente diferir\u00e3o, dependendo das circunst\u00e2ncias de cada comunidade agr\u00edcola. N\u00e3o h\u00e1 uma solu\u00e7\u00e3o \u00fanica que possa ser aplicada em toda a mir\u00edade de situa\u00e7\u00f5es ou em todas as condi\u00e7\u00f5es edafoclim\u00e1ticas dos diferentes pa\u00edses.<\/span><\/span><\/span><\/span><\/p>\n<p><span style=\"font-family: Times New Roman, serif;\"><span style=\"font-size: medium;\"><span style=\"color: #383838;\"><span style=\"font-family: Arial, serif;\">Apenas como exemplo, observemos abaixo tr\u00eas pontos simples e complementares que abordam a multiplicidade de situa\u00e7\u00f5es t\u00e9cnicas e socioecon\u00f4micas:<\/span><\/span><\/span><\/span><\/p>\n<ul>\n<li><span style=\"font-family: Times New Roman, serif;\"><span style=\"font-size: medium;\"><span style=\"color: #383838;\"><span style=\"font-family: Arial, serif;\">Para os agricultores com recursos insuficientes, \u00e9 fundamental que a efici\u00eancia da produ\u00e7\u00e3o de seus ativos limitados seja aprimorada. Para o grupo em quest\u00e3o, a prioridade \u00e9 o fornecimento de informa\u00e7\u00f5es b\u00e1sicas sobre as melhores pr\u00e1ticas agron\u00f4micas, zoot\u00e9cnicas e administrativas.<\/span><\/span><\/span><\/span><\/li>\n<li><span style=\"font-family: Times New Roman, serif;\"><span style=\"font-size: medium;\"><span style=\"color: #383838;\"><span style=\"font-family: Arial, serif;\">Novos aumentos de produtividade podem ser alcan\u00e7ados entre os agricultores com mais recursos e qualifica\u00e7\u00f5es, gerando incentivos para que eles invistam em pr\u00e1ticas mais lucrativas e mais eficientes em termos de risco, al\u00e9m de um mix de empreendimentos agr\u00edcolas.<\/span><\/span><\/span><\/span><\/li>\n<li><span style=\"font-family: Times New Roman, serif;\"><span style=\"font-size: medium;\"><span style=\"color: #383838;\"><span style=\"font-family: Arial, serif;\">Onde as lacunas de produtividade j\u00e1 foram reduzidas, mudan\u00e7as mais significativas ou transforma\u00e7\u00e3o mais profundas podem ser necess\u00e1rias. Isso envolver\u00e1 o desenho de novos sistemas agr\u00edcolas capazes de intensificar ainda mais o uso da terra e da \u00e1gua ou agregar valor aos produtos existentes.<\/span><\/span><\/span><\/span><\/li>\n<\/ul>\n<p><span style=\"font-family: Times New Roman, serif;\"><span style=\"font-size: medium;\"><span style=\"color: #383838;\"><span style=\"font-family: Arial, serif;\">Todos os aumentos de produtividade ter\u00e3o que ser analisados com base nos ganhos e nas perdas em servi\u00e7os ambientais e ecossist\u00eamico<span style=\"color: #000000;\">s <\/span><\/span><\/span><span style=\"color: #000000;\"><span style=\"font-family: Arial, serif;\">(Figura 5)<\/span><\/span><span style=\"color: #383838;\"><span style=\"font-family: Arial, serif;\">. Isso nos ajudar\u00e1 a proteger fatores cr\u00edticos, como a qualidade da \u00e1gua, os fluxos ambientais, os servi\u00e7os de poliniza\u00e7\u00e3o, a qualidade do solo e a pesca natural. As metas de intensifica\u00e7\u00e3o sustent\u00e1vel tamb\u00e9m devem incluir resultados nutricionais, sociais, comunit\u00e1rios e de g\u00eanero.<\/span><\/span><\/span><\/span><\/p>\n<p><img decoding=\"async\" class=\"aligncenter wp-image-1437 size-full\" src=\"https:\/\/blog.agrointeli.com.br\/blog\/wp-content\/uploads\/2019\/12\/Figura-5.jpg\" alt=\"\" width=\"660\" height=\"371\" srcset=\"https:\/\/blog.agrointeli.com.br\/blog\/wp-content\/uploads\/2019\/12\/Figura-5.jpg 660w, https:\/\/blog.agrointeli.com.br\/blog\/wp-content\/uploads\/2019\/12\/Figura-5-300x169.jpg 300w, https:\/\/blog.agrointeli.com.br\/blog\/wp-content\/uploads\/2019\/12\/Figura-5-610x343.jpg 610w, https:\/\/blog.agrointeli.com.br\/blog\/wp-content\/uploads\/2019\/12\/Figura-5-480x270.jpg 480w\" sizes=\"(max-width: 660px) 100vw, 660px\" \/><\/p>\n<p><span style=\"font-family: Times New Roman, serif;\"><span style=\"font-size: medium;\"><span style=\"color: #383838;\"><span style=\"font-family: Arial, serif;\">Nos pa\u00edses de baixa renda, as r\u00e1pidas mudan\u00e7as no uso da terra cultivada est\u00e3o reestruturando a agricultura familiar. A <\/span><\/span><span style=\"font-family: Arial, serif;\">migra\u00e7\u00e3o de grande quantidade de homens adultos para <a href=\"http:\/\/www.apemec.com.br\/noticias-materia\/01\/22\/2019\/com-crise-e-migracao-mao-de-obra-rural-cai-3-em-4-anos\/\" target=\"_blank\" rel=\"noopener\">\u00e1reas urbanas<\/a><\/span>\u00a0<span style=\"color: #383838;\"><span style=\"font-family: Arial, serif;\">ou mesmo para outros pa\u00edses tem levado a uma maior presen\u00e7a feminina e um decr\u00e9scimo da presen\u00e7a de jovens nas atividades agropecu\u00e1rias.<\/span><\/span><\/span><\/span><\/p>\n<h1><a href=\"http:\/\/agrointeli.com.br\/demonstracao?utm_source=post&amp;utm_medium=blog\" target=\"_blank\" rel=\"http:\/\/agrointeli.com.br\/demonstracao?utm_source=post&amp;utm_medium=blog noopener noreferrer\"><img decoding=\"async\" class=\"aligncenter wp-image-815 size-full\" src=\"http:\/\/blog.agrointeli.com.br\/wp-content\/uploads\/2019\/05\/O-software-de-monitoramento-agr\u00edcola.png\" alt=\"\" width=\"974\" height=\"90\" \/><\/a><\/h1>\n<h2>PARCERIA P\u00daBLICO PRIVADA<\/h2>\n<p><span style=\"font-family: Times New Roman, serif;\"><span style=\"font-size: medium;\"><span style=\"color: #383838;\"><span style=\"font-family: Arial, serif;\">Investir na capacita\u00e7\u00e3o deve continuar sendo uma prioridade para a intensifica\u00e7\u00e3o sustent\u00e1vel da agricultura no mundo em desenvolvimento e em todos os pa\u00edses com alto potencial agr\u00edcola, como a Austr\u00e1lia. Por\u00e9m, a responsabilidade de melhorar a agricultura por meio de pesquisa e tecnologia n\u00e3o pode mais ser dominada pelo setor p\u00fablico. <\/span><\/span><\/span><\/span><\/p>\n<p><span style=\"font-family: Times New Roman, serif;\"><span style=\"font-size: medium;\"><a href=\"https:\/\/www.embrapa.br\/busca-de-publicacoes\/-\/publicacao\/556665\/embrapa-precursora-da-parceria-publico-privada-no-brasil\" target=\"_blank\" rel=\"noopener\"><span style=\"color: #383838;\"><span style=\"font-family: Arial, serif;\">As <\/span><\/span><span style=\"font-family: Arial, serif;\">parcerias p\u00fablico-privadas<\/span><\/a>\u00a0<span style=\"color: #383838;\"><span style=\"font-family: Arial, serif;\">ser\u00e3o impulsionadoras cruciais para a futura inova\u00e7\u00e3o tecnol\u00f3gica e capacita\u00e7\u00e3o do agroneg\u00f3cio global. Parcerias com organiza\u00e7\u00f5es n\u00e3o governamentais (ONGs) ser\u00e3o importantes para alcan\u00e7ar os pequenos agricultores em regi\u00f5es marginais do mundo e nas economias emergentes.<\/span><\/span><\/span><\/span><\/p>\n<p><span style=\"font-family: Times New Roman, serif;\"><span style=\"font-size: medium;\"><span style=\"color: #383838;\"><span style=\"font-family: Arial, serif;\">Pesquisas adicionais envolvendo as parcerias p\u00fablico-privada e a participa\u00e7\u00e3o da pr\u00f3pria sociedade civil podem nos oferecer as possibilidades a perspectiva de inova\u00e7\u00e3o ao longo da cadeia de valor dos alimentos. Por exemplo, medidas para conectar os agricultores aos mercados e servi\u00e7os do setor privado \u00e9 uma agenda que est\u00e1 sendo fortemente promovida na pesquisa para o desenvolvimento dos setores agr\u00edcolas na \u00c1frica e na \u00c1sia. <\/span><\/span><\/span><\/span><\/p>\n<p><span style=\"font-family: Times New Roman, serif;\"><span style=\"font-size: medium;\"><span style=\"color: #383838;\"><span style=\"font-family: Arial, serif;\">Algo semelhante foi feito com sucesso no <a href=\"https:\/\/www.dinheirorural.com.br\/noticia\/agronegocios\/regiao-do-vale-sao-francisco-se-destaca-como-polo-produtor-de-fruticultura\" target=\"_blank\" rel=\"noopener\">Vale do S\u00e3o Francisco<\/a><\/span><\/span><span style=\"color: #383838;\"><span style=\"font-family: Arial, serif;\">, onde 94% das propriedades altamente produtivas possuem at\u00e9 20 hectares e est\u00e3o nas m\u00e3os de fam\u00edlias que foram, com o suporte do Poder P\u00fablico, treinadas e conectadas ao setor privado.<\/span><\/span><\/span><\/span><\/p>\n<h2>A TAREFA DE CADA PRODUTOR<\/h2>\n<p><span style=\"font-family: Times New Roman, serif;\"><span style=\"font-size: medium;\"><span style=\"color: #383838;\"><span style=\"font-family: Arial, serif;\">Embora seja papel das empresas gerar novas tecnologias para seus clientes no campo e, tamb\u00e9m, caiba ao setor p\u00fablico o desenvolvimento de pol\u00edticas voltadas para o fortalecimento da C&amp;T agropecu\u00e1ria, cabe a voc\u00ea, produtor, investir o m\u00e1ximo poss\u00edvel no que h\u00e1 de mais moderno para o setor, pois apenas isto poder\u00e1 reduzir os riscos inerentes \u00e0 atividade produtiva. A agricultura envolve uma s\u00e9rie de riscos clim\u00e1ticos e biol\u00f3gicos, de forma que o produtor que toma atitude e age no sentido de se resguardar, com a tecnologia sofre muito menos com as quebras de safra. O retorno \u00e9 muito alto para cada centavo de investimento na agricultura de precis\u00e3o e na consultoria t\u00e9cnica de qualidade<\/span><\/span><span style=\"color: #383838;\"><span style=\"font-family: Arial, serif;\">.\u00a0<\/span><\/span><\/span><\/span><\/p>\n<h2><strong><span style=\"color: #161616;\"><span style=\"font-family: Verdana, serif;\">Deseja saber mais sobre as funcionalidades da Agrointeli que auxiliam voc\u00ea a monitorar sua lavoura de forma organizada e eficiente? <\/span><\/span><a href=\"http:\/\/agrointeli.com.br\/demonstracao?utm_source=post&amp;utm_medium=blog\"><span style=\"font-family: Verdana, serif;\">Clique aqui para saber mais.\u00a0<\/span><\/a><\/strong><\/h2>\n<p><span style=\"font-family: Times New Roman, serif;\"><span style=\"font-size: medium;\"><span style=\"color: #383838;\"><span style=\"font-family: Arial, serif;\">E voc\u00ea, a sua institui\u00e7\u00e3o e a sua empresa, o que est\u00e3o fazendo para ajudar a agricultura a produzir mais nas mesmas \u00e1reas? Gostou do texto? N\u00e3o d<\/span><\/span><\/span><\/span><span style=\"font-family: Times New Roman, serif;\"><span style=\"font-size: medium;\"><span style=\"color: #383838;\"><span style=\"font-family: Arial, serif;\">eixe de nos dar o seu feedback mandando-nos a sua mensagem<\/span><\/span><\/span><\/span><\/p>\n<h2><a href=\"https:\/\/materiais.agrointeli.com.br\/demonstracao-lp?utm_source=Blog&amp;utm_medium=Banner&amp;utm_campaign=BB\"><img decoding=\"async\" class=\"alignnone size-full wp-image-6448\" src=\"https:\/\/blog.agrointeli.com.br\/blog\/wp-content\/uploads\/2022\/07\/banner-BLOG-6k-x-1k-px-2.png\" alt=\"agrointeli\" width=\"4000\" height=\"1000\" srcset=\"https:\/\/blog.agrointeli.com.br\/blog\/wp-content\/uploads\/2022\/07\/banner-BLOG-6k-x-1k-px-2.png 4000w, https:\/\/blog.agrointeli.com.br\/blog\/wp-content\/uploads\/2022\/07\/banner-BLOG-6k-x-1k-px-2-500x125.png 500w, https:\/\/blog.agrointeli.com.br\/blog\/wp-content\/uploads\/2022\/07\/banner-BLOG-6k-x-1k-px-2-2000x500.png 2000w, https:\/\/blog.agrointeli.com.br\/blog\/wp-content\/uploads\/2022\/07\/banner-BLOG-6k-x-1k-px-2-768x192.png 768w, https:\/\/blog.agrointeli.com.br\/blog\/wp-content\/uploads\/2022\/07\/banner-BLOG-6k-x-1k-px-2-1536x384.png 1536w, https:\/\/blog.agrointeli.com.br\/blog\/wp-content\/uploads\/2022\/07\/banner-BLOG-6k-x-1k-px-2-2048x512.png 2048w, https:\/\/blog.agrointeli.com.br\/blog\/wp-content\/uploads\/2022\/07\/banner-BLOG-6k-x-1k-px-2-610x153.png 610w, https:\/\/blog.agrointeli.com.br\/blog\/wp-content\/uploads\/2022\/07\/banner-BLOG-6k-x-1k-px-2-750x188.png 750w, https:\/\/blog.agrointeli.com.br\/blog\/wp-content\/uploads\/2022\/07\/banner-BLOG-6k-x-1k-px-2-1140x285.png 1140w\" sizes=\"(max-width: 4000px) 100vw, 4000px\" \/><\/a><\/h2>\n","protected":false},"excerpt":{"rendered":"<p>Confira a parte I deste texto aqui, na qual discutimos porque o aumento dos rendimentos agr\u00edcolas, sem necessariamente desmatar e incorporar outras \u00e1reas \u00e0s terras produtivas j\u00e1 em uso, \u00e9 um dos maiores desafios \u00e0 seguran\u00e7a alimentar para a humanidade, especialmente nos pa\u00edses emergentes. MAIS DO MESMO LUGAR A intensifica\u00e7\u00e3o sustent\u00e1vel da agricultura (Figura 4) [&hellip;]<\/p>\n","protected":false},"author":1,"featured_media":1682,"comment_status":"open","ping_status":"open","sticky":false,"template":"","format":"standard","meta":{"_coblocks_attr":"","_coblocks_dimensions":"","_coblocks_responsive_height":"","_coblocks_accordion_ie_support":"","_mi_skip_tracking":false,"spay_email":""},"categories":[20],"tags":[],"jetpack_featured_media_url":"https:\/\/blog.agrointeli.com.br\/blog\/wp-content\/uploads\/2019\/12\/79485493_885887855142205_7593862862091583488_o.jpg","_links":{"self":[{"href":"https:\/\/blog.agrointeli.com.br\/blog\/wp-json\/wp\/v2\/posts\/1676"}],"collection":[{"href":"https:\/\/blog.agrointeli.com.br\/blog\/wp-json\/wp\/v2\/posts"}],"about":[{"href":"https:\/\/blog.agrointeli.com.br\/blog\/wp-json\/wp\/v2\/types\/post"}],"author":[{"embeddable":true,"href":"https:\/\/blog.agrointeli.com.br\/blog\/wp-json\/wp\/v2\/users\/1"}],"replies":[{"embeddable":true,"href":"https:\/\/blog.agrointeli.com.br\/blog\/wp-json\/wp\/v2\/comments?post=1676"}],"version-history":[{"count":2,"href":"https:\/\/blog.agrointeli.com.br\/blog\/wp-json\/wp\/v2\/posts\/1676\/revisions"}],"predecessor-version":[{"id":6826,"href":"https:\/\/blog.agrointeli.com.br\/blog\/wp-json\/wp\/v2\/posts\/1676\/revisions\/6826"}],"wp:featuredmedia":[{"embeddable":true,"href":"https:\/\/blog.agrointeli.com.br\/blog\/wp-json\/wp\/v2\/media\/1682"}],"wp:attachment":[{"href":"https:\/\/blog.agrointeli.com.br\/blog\/wp-json\/wp\/v2\/media?parent=1676"}],"wp:term":[{"taxonomy":"category","embeddable":true,"href":"https:\/\/blog.agrointeli.com.br\/blog\/wp-json\/wp\/v2\/categories?post=1676"},{"taxonomy":"post_tag","embeddable":true,"href":"https:\/\/blog.agrointeli.com.br\/blog\/wp-json\/wp\/v2\/tags?post=1676"}],"curies":[{"name":"wp","href":"https:\/\/api.w.org\/{rel}","templated":true}]}}