{"id":1604,"date":"2019-12-12T10:54:11","date_gmt":"2019-12-12T13:54:11","guid":{"rendered":"http:\/\/agriculturadofuturo.com.br\/blog\/?p=1604"},"modified":"2022-09-20T10:57:28","modified_gmt":"2022-09-20T14:57:28","slug":"5-maneiras-de-evitar-ao-maximo-desperdicio-na-colheita-do-milho","status":"publish","type":"post","link":"https:\/\/blog.agrointeli.com.br\/blog\/5-maneiras-de-evitar-ao-maximo-desperdicio-na-colheita-do-milho\/","title":{"rendered":"5 maneiras de evitar o desperd\u00edcio na colheita do milho na safra 21\/22"},"content":{"rendered":"<h6><span style=\"color: #ffffff;\">colheita do milho<\/span><\/h6>\n<h6><span style=\"font-family: Arial, serif;\"><span style=\"font-size: medium;\">Sabemos que voc\u00ea fez toda a li\u00e7\u00e3o at\u00e9 agora, afinal de contas escolheu a semente de boa qualidade, fez a corre\u00e7\u00e3o necess\u00e1ria do solo e acompanhou com cuidado todo o manejo posterior. <\/span><\/span><\/h6>\n<p><span style=\"font-family: Arial, serif;\"><span style=\"font-size: medium;\">Estamos pr\u00f3ximos de uma etapa n\u00e3o menos importante, a colheita do milho, e n\u00e3o iremos literalmente perder todo esse trabalho, pois ao menor descuido numa colheita de 240 sacas\/ha poder\u00e1 perder de 16 a 19 sacas\/ha, segundo <a href=\"http:\/\/www.uel.br\/revistas\/uel\/index.php\/semagrarias\/article\/viewFile\/6464\/10473\" target=\"_blank\" rel=\"noopener\">estudo da UEL<\/a><\/span><\/span><span style=\"font-family: Arial, serif;\"><span style=\"font-size: medium;\">. <\/span><\/span><\/p>\n<p><u><\/u><span style=\"font-family: Arial, serif;\"><span style=\"font-size: medium;\">H\u00e1 perdas em toda a cadeia produtiva e podem acontecer por diferentes motivos desde o preparo inadequado do solo, atraso na colheita ou mesmo aparecimento de doen\u00e7as e pragas, mas esse \u00faltimo ser\u00e1 o motivo da nossa pr\u00f3xima conversa.<\/span><\/span><\/p>\n<div id=\"fufu-blog-5-maneiras-de-evitar-ao-desperdicio-na-colheita-do-milho-02fdd56d47591586f9e6\" role=\"main\"><\/div>\n<p><script type=\"text\/javascript\" src=\"https:\/\/d335luupugsy2.cloudfront.net\/js\/rdstation-forms\/stable\/rdstation-forms.min.js\"><\/script> <script type=\"text\/javascript\"> new RDStationForms('fufu-blog-5-maneiras-de-evitar-ao-desperdicio-na-colheita-do-milho-02fdd56d47591586f9e6', 'UA-160168076-1').createForm();<\/script><\/p>\n<h2><b>COMO DIMINUIR AS PERDAS DA COLHEITA DO MILHO?<\/b><\/h2>\n<h2>1. PLANEJE SUA COLHEITA<\/h2>\n<p class=\"western\"><span style=\"font-family: Arial, serif;\"><span style=\"font-size: medium;\">Elabore o planejamento estrat\u00e9gico da sua produ\u00e7\u00e3o, considere o tamanho da \u00e1rea, ciclo e variedades da cultura, disponibilidade da m\u00e3o-de-obra, m\u00e1quinas e silos. <\/span><\/span><\/p>\n<p class=\"western\"><span style=\"font-family: Arial, serif;\"><span style=\"font-size: medium;\">Atente-se a responder quest\u00f5es como as destacadas a seguir:<\/span><\/span><\/p>\n<ul>\n<li><span style=\"color: #000000;\"><span style=\"font-family: Arial, serif;\"><span style=\"font-size: medium;\">Quantas horas de colheita\/dia preciso para otimizar o processo?<\/span><\/span><\/span><\/li>\n<li><span style=\"color: #000000;\"><span style=\"font-family: Arial, serif;\"><span style=\"font-size: medium;\">Quantas colhedoras ser\u00e3o utilizadas? Vou precisar terceirizar?<\/span><\/span><\/span><\/li>\n<li><span style=\"color: #000000;\"><span style=\"font-family: Arial, serif;\"><span style=\"font-size: medium;\">A previs\u00e3o clim\u00e1tica habitual da regi\u00e3o impossibilita a colheita na \u00e9poca planejada?<\/span><\/span><\/span><\/li>\n<li><span style=\"color: #000000;\"><span style=\"font-family: Arial, serif;\"><span style=\"font-size: medium;\">Quanto de m\u00e3o-de-obra vou precisar?<\/span><\/span><\/span><\/li>\n<li><span style=\"color: #000000;\"><span style=\"font-family: Arial, serif;\"><span style=\"font-size: medium;\">Precisarei estocar o milho? Onde estocarei?<\/span><\/span><\/span><\/li>\n<li><span style=\"color: #000000;\"><span style=\"font-family: Arial, serif;\"><span style=\"font-size: medium;\">Que tipo de transporte vou utilizar?<\/span><\/span><\/span><\/li>\n<\/ul>\n<p><span style=\"font-family: Times New Roman, serif;\"><span style=\"font-size: medium;\"><span style=\"color: #000000;\"><span style=\"font-family: Arial, serif;\">As \u00e1reas devem ser divididas com carreadores, de forma a facilitar a movimenta\u00e7\u00e3o da colhedora e o escoamento da colheita.<\/span><\/span><\/span><\/span><\/p>\n<p><span style=\"font-family: Times New Roman, serif;\"><span style=\"font-size: medium;\"><span style=\"color: #000000;\"><span style=\"font-family: Arial, serif;\">Diferen\u00e7a de produtividade das glebas, assim como desuniformidade nas condi\u00e7\u00f5es da cultura no campo, tamb\u00e9m podem alterar a capacidade efetiva de utiliza\u00e7\u00e3o da colhedora.<br \/>\n<\/span><\/span><\/span><\/span><\/p>\n<p><span style=\"font-family: Times New Roman, serif;\"><span style=\"font-size: medium;\"><span style=\"color: #000000;\"><span style=\"font-family: Arial, serif;\">Isto \u00e9, a quantidade de milho colhida em determinada \u00e1rea, por unidade de tempo.<\/span><\/span><\/span><\/span><\/p>\n<p><span style=\"font-family: Times New Roman, serif;\"><span style=\"font-size: medium;\"><span style=\"color: #000000;\"><span style=\"font-family: Arial, serif;\">N\u00e3o esque\u00e7a de calcular as perdas e tenha em suas m\u00e3os dados reais da sua produ\u00e7\u00e3o. N\u00e3o queremos superestimar nada por aqui, al\u00e9m do que realmente for colhido, correto?<\/span><\/span><span style=\"color: #000000;\"><span style=\"font-family: Arial, serif;\">!<\/span><\/span><\/span><\/span><\/p>\n<p><span style=\"font-family: Times New Roman, serif;\"><span style=\"font-size: medium;\"><span style=\"color: #000000;\"><span style=\"font-family: Arial, serif;\"> N\u00e3o se esque\u00e7a com a Agrointeli voc\u00ea ter\u00e1 em suas m\u00e3os um sistema completo para gerenciamento e otimiza\u00e7\u00e3o de processos que lhe economizar\u00e3o tempo e dinheiro. <\/span><\/span><\/span><\/span><\/p>\n<p><a href=\"https:\/\/materiais.agrointeli.com.br\/demonstracao-lp?utm_source=Blog&amp;utm_medium=Banner&amp;utm_campaign=BB\" target=\"_blank\" rel=\"http:\/\/lp.agrointeli.com.br\/LP\/?utm_source=blog&amp;utm_medium=banner noopener noreferrer\"><img decoding=\"async\" class=\"alignnone size-full wp-image-6448\" src=\"https:\/\/blog.agrointeli.com.br\/blog\/wp-content\/uploads\/2022\/07\/banner-BLOG-6k-x-1k-px-2.png\" alt=\"agrointeli\" width=\"4000\" height=\"1000\" srcset=\"https:\/\/blog.agrointeli.com.br\/blog\/wp-content\/uploads\/2022\/07\/banner-BLOG-6k-x-1k-px-2.png 4000w, https:\/\/blog.agrointeli.com.br\/blog\/wp-content\/uploads\/2022\/07\/banner-BLOG-6k-x-1k-px-2-500x125.png 500w, https:\/\/blog.agrointeli.com.br\/blog\/wp-content\/uploads\/2022\/07\/banner-BLOG-6k-x-1k-px-2-2000x500.png 2000w, https:\/\/blog.agrointeli.com.br\/blog\/wp-content\/uploads\/2022\/07\/banner-BLOG-6k-x-1k-px-2-768x192.png 768w, https:\/\/blog.agrointeli.com.br\/blog\/wp-content\/uploads\/2022\/07\/banner-BLOG-6k-x-1k-px-2-1536x384.png 1536w, https:\/\/blog.agrointeli.com.br\/blog\/wp-content\/uploads\/2022\/07\/banner-BLOG-6k-x-1k-px-2-2048x512.png 2048w, https:\/\/blog.agrointeli.com.br\/blog\/wp-content\/uploads\/2022\/07\/banner-BLOG-6k-x-1k-px-2-610x153.png 610w, https:\/\/blog.agrointeli.com.br\/blog\/wp-content\/uploads\/2022\/07\/banner-BLOG-6k-x-1k-px-2-750x188.png 750w, https:\/\/blog.agrointeli.com.br\/blog\/wp-content\/uploads\/2022\/07\/banner-BLOG-6k-x-1k-px-2-1140x285.png 1140w\" sizes=\"(max-width: 4000px) 100vw, 4000px\" \/><\/a><\/p>\n<h2>2. IDENTIFIQUE O MOMENTO IDEAL PARA COLHER O MILHO<\/h2>\n<p><span style=\"font-family: Times New Roman, serif;\"><span style=\"font-size: medium;\"><span style=\"color: #000000;\"><span style=\"font-family: Arial, serif;\">O milho est\u00e1 pronto para ser colhido a partir do ponto de matura\u00e7\u00e3o fisiol\u00f3gica, quando cerca de metade dos gr\u00e3os na espiga apresentam mancha negra no ponto de inser\u00e7\u00e3o na espiga (FIGURA 1). <\/span><\/span><\/span><\/span><\/p>\n<p><span style=\"font-family: Times New Roman, serif;\"><span style=\"font-size: medium;\"><span style=\"color: #000000;\"><span style=\"font-family: Arial, serif;\">No entanto, n\u00e3o havendo a necessidade de antecipa\u00e7\u00e3o, a colheita \u00e9 realizada pela maioria dos agricultores quando o teor de umidade dos gr\u00e3os est\u00e1 em torno de 25%.<\/span><\/span><\/span><\/span><\/p>\n<p><img decoding=\"async\" class=\"aligncenter wp-image-1399 size-full\" src=\"https:\/\/blog.agrointeli.com.br\/blog\/wp-content\/uploads\/2019\/12\/Figura-1-3.png\" alt=\"\" width=\"589\" height=\"442\" srcset=\"https:\/\/blog.agrointeli.com.br\/blog\/wp-content\/uploads\/2019\/12\/Figura-1-3.png 589w, https:\/\/blog.agrointeli.com.br\/blog\/wp-content\/uploads\/2019\/12\/Figura-1-3-300x225.png 300w, https:\/\/blog.agrointeli.com.br\/blog\/wp-content\/uploads\/2019\/12\/Figura-1-3-510x382.png 510w, https:\/\/blog.agrointeli.com.br\/blog\/wp-content\/uploads\/2019\/12\/Figura-1-3-480x360.png 480w\" sizes=\"(max-width: 589px) 100vw, 589px\" \/><\/p>\n<p><span style=\"font-family: Arial, serif;\"><span style=\"font-size: medium;\">Se a umidade for muito alta h\u00e1 perda por esmagamento de gr\u00e3os e se for muito baixa h\u00e1 maior acamamento, maior queda de espigas e consequentemente mais inj\u00farias pela barra do cilindro. <\/span><\/span><\/p>\n<p><span style=\"font-family: Arial, serif;\"><span style=\"font-size: medium;\">Enfim, s\u00e3o muitas as possibilidades e por isso vale a pena conferir nosso outro <\/span><\/span><span style=\"font-family: Arial, serif;\"><span style=\"font-size: medium;\">post <a href=\"https:\/\/blog.agrointeli.com.br\/blog\/colheita-e-armazenamento-de-graos-de-milho-guia-completo\/\">aqui<\/a>.<\/span><\/span><u><\/u><\/p>\n<p><span style=\"font-family: Arial, serif;\"><span style=\"font-size: medium;\">Em resumo, monitore com mais rigor a umidade dos gr\u00e3os e as condi\u00e7\u00f5es dos talh\u00f5es a partir da identifica\u00e7\u00e3o do ponto de matura\u00e7\u00e3o. <\/span><\/span><\/p>\n<p><span style=\"font-family: Arial, serif;\"><span style=\"font-size: medium;\">Com a Agrointeli voc\u00ea consegue monitorar e saber qual \u00e9 o melhor momento para entrar com maquin\u00e1rio.<\/span><\/span><\/p>\n<p><a href=\"http:\/\/lp.agrointeli.com.br\/LP\/?utm_source=blog&amp;utm_medium=linkdotexto\">Clique aqui<\/a> para saber mais<\/p>\n<h2>3. VERIFIQUE A VELOCIDADE DA COLHEDORA<\/h2>\n<p><span style=\"font-family: Arial, serif;\"><span style=\"font-size: medium;\">A velocidade de deslocamento da colhedora durante o trabalho est\u00e1 intimamente ligada a capacidade de debulha. <\/span><\/span><\/p>\n<p><span style=\"font-family: Arial, serif;\"><span style=\"font-size: medium;\">Em velocidades excessivas combinadas com baixas rota\u00e7\u00f5es do cilindro, al\u00e9m da perda de gr\u00e3os, h\u00e1 o embuchamento da unidade de trilha. J\u00e1 em situa\u00e7\u00e3o oposta, pode resultar num maior n\u00famero de gr\u00e3os quebrados e impurezas. <\/span><\/span><\/p>\n<p><span style=\"color: #000000;\"><span style=\"font-family: Arial, serif;\"><span style=\"font-size: medium;\">Para esse maquin\u00e1rio a velocidade \u00e9 definida em fun\u00e7\u00e3o da produtividade da cultura do milho, por causa da sua capacidade em manusear toda a massa que \u00e9 colhida al\u00e9m do gr\u00e3o. <\/span><\/span><\/span><\/p>\n<p><span style=\"color: #000000;\"><span style=\"font-family: Arial, serif;\"><span style=\"font-size: medium;\">A faixa de velocidade de trabalho varia de 4 a 6 km\/h, mas em colheita, o trabalho \u00e9 medido em toneladas\/hora. <\/span><\/span><\/span><\/p>\n<p><span style=\"color: #000000;\"><span style=\"font-family: Arial, serif;\"><span style=\"font-size: medium;\">Para determinar o aumento ou a diminui\u00e7\u00e3o da velocidade, n\u00e3o se deve preocupar com a capacidade de trabalho da colhedora em hectares\/hora, mas verificar se os n\u00edveis toler\u00e1veis de perdas de 1,5 sacos\/ha s\u00e3o mantidos.<\/span><\/span><\/span><\/p>\n<p><img decoding=\"async\" class=\"aligncenter wp-image-1463 size-full\" src=\"https:\/\/blog.agrointeli.com.br\/blog\/wp-content\/uploads\/2019\/12\/Milho-1024x739.png\" alt=\"\" width=\"1024\" height=\"739\" srcset=\"https:\/\/blog.agrointeli.com.br\/blog\/wp-content\/uploads\/2019\/12\/Milho-1024x739.png 1024w, https:\/\/blog.agrointeli.com.br\/blog\/wp-content\/uploads\/2019\/12\/Milho-1024x739-300x217.png 300w, https:\/\/blog.agrointeli.com.br\/blog\/wp-content\/uploads\/2019\/12\/Milho-1024x739-768x554.png 768w, https:\/\/blog.agrointeli.com.br\/blog\/wp-content\/uploads\/2019\/12\/Milho-1024x739-610x440.png 610w, https:\/\/blog.agrointeli.com.br\/blog\/wp-content\/uploads\/2019\/12\/Milho-1024x739-980x707.png 980w, https:\/\/blog.agrointeli.com.br\/blog\/wp-content\/uploads\/2019\/12\/Milho-1024x739-480x346.png 480w, https:\/\/blog.agrointeli.com.br\/blog\/wp-content\/uploads\/2019\/12\/Milho-1024x739-120x86.png 120w, https:\/\/blog.agrointeli.com.br\/blog\/wp-content\/uploads\/2019\/12\/Milho-1024x739-750x541.png 750w\" sizes=\"(max-width: 1024px) 100vw, 1024px\" \/><\/p>\n<p><span style=\"color: #000000;\"><span style=\"font-family: Arial, serif;\"><span style=\"font-size: medium;\"><b>Exemplo de c\u00e1lculo para uso da colhedora (<\/b><\/span><\/span><\/span><span style=\"color: #000000;\"><span style=\"font-family: Arial, serif;\"><span style=\"font-size: medium;\"><b><a href=\"http:\/\/www.agencia.cnptia.embrapa.br\/gestor\/milho\/arvore\/CONTAG01_89_16820051121.html\" target=\"_blank\" rel=\"noopener\">Fonte<\/a>)<\/b><\/span><\/span><\/span><u><\/u><\/p>\n<p><span style=\"color: #000000;\"><span style=\"font-family: Arial, serif;\"><span style=\"font-size: medium;\">Considerando-se uma colhedora trabalhando a uma velocidade de 5 km\/h e com plataforma de quatro bocas espa\u00e7adas 90 cm entre si, em um campo cuja produtividade \u00e9 de 6.000 kg\/ha, a capacidade te\u00f3rica de colheita \u00e9:<\/span><\/span><\/span><\/p>\n<p><span style=\"color: #000000;\"><span style=\"font-family: Arial, serif;\"><span style=\"font-size: medium;\"><b>Capacidade te\u00f3rica = ((5.000m\/h)*(3,6m)) = 1,8 ha\/h<\/b><\/span><\/span><\/span><span style=\"color: #000000;\"><span style=\"font-family: Arial, serif;\"><span style=\"font-size: medium;\">\u00a0<\/span><\/span><\/span><\/p>\n<p><span style=\"color: #000000;\"><span style=\"font-family: Arial, serif;\"><span style=\"font-size: medium;\"><b>10.000m<\/b><\/span><\/span><\/span><span style=\"color: #000000;\"><sup><span style=\"font-family: Arial, serif;\"><span style=\"font-size: medium;\"><b>2<\/b><\/span><\/span><\/sup><\/span><b> <\/b><\/p>\n<p><span style=\"color: #000000;\"><span style=\"font-family: Arial, serif;\"><span style=\"font-size: medium;\">Se no per\u00edodo de uma hora foram colhidos 1,42 ha de milho, a efici\u00eancia de campo \u00e9 igual a:<\/span><\/span><\/span><\/p>\n<p><span style=\"color: #000000;\"><span style=\"font-family: Arial, serif;\"><span style=\"font-size: medium;\"><b>Efici\u00eancia de campo = ((1,42)*(100)) = 80%<\/b><\/span><\/span><\/span><\/p>\n<p><span style=\"color: #000000;\"> <span style=\"font-family: Arial, serif;\"><span style=\"font-size: medium;\"><b>1,8<\/b><\/span><\/span><\/span><\/p>\n<p><span style=\"color: #000000;\"><span style=\"font-family: Arial, serif;\"><span style=\"font-size: medium;\">No caso de colheita mec\u00e2nica, s\u00e3o aceit\u00e1veis valores m\u00e9dios de efici\u00eancia de campo entre 70% e 80% ou, em outras palavras, 20% a 30% do tempo perdido em manobras, desembuchamento<!-- O que eh isso ? --><!--  A MAQUINA SOFRE OBSTRU\u00c7\u00c3O COM MATERIAL VEGETAL...EMBUCHA\u00e1rias - r nesse caso, de decisredes sociaiss seus dedos,L,\n\nconsertos, entre outros.<\/font><\/font><\/font>\n\n\n<p align=\"justify\">\n<font color=\"#000000\"><font face=\"Arial, serif\"><font size=\"3\">Considerando\n\nque as \u00e1reas a serem colhidas, de modo geral, apresentam\n\nprodutividades (t\/ha) desuniformes, \u00e9 importante relacionar a\n\ncapacidade efetiva de trabalho em colheita em t\/h.<\/font><\/font><\/font>\n\n\n\n<p align=\"justify\">\n\n\n<p align=\"justify\">\n<font color=\"#000000\"><font face=\"Arial, serif\"><font size=\"3\"><b>C\u00e1lculo\n\nde Capacidade Efetiva de Trabalho (CET):<\/b><\/font><\/font><\/font>\n\n\n\n<p align=\"justify\">\n<font color=\"#000000\"><font face=\"Arial, serif\"><font size=\"3\">Se,\n\npor exemplo, uma determinada colhedora automotriz estiver trabalhando\n\nem dois locais diferentes, campos A e B, com produtividades de 7 t\/ha\n\ne 3 t\/ha, respectivamente, e efici\u00eancia de campo de 80%, o tempo\n\nnecess\u00e1rio para colher o campo B poder\u00e1 ser menor, mas a quantidade\n\ncolhida, por tempo, \u00e9 maior em A. <\/font><\/font><\/font>\n\n\n\n<p align=\"justify\">\n<font color=\"#000000\"><font face=\"Arial, serif\"><font size=\"3\">Justifica-se,\n\nassim, a redu\u00e7\u00e3o da velocidade de colheita para evitar\n\nembuchamento. Pode-se, ent\u00e3o, fazer o seguinte c\u00e1lculo de CET:<\/font><\/font><\/font>\n\n\n\n<p align=\"justify\">\n\n\n<p align=\"justify\">\n<font color=\"#000000\"><font face=\"Arial, serif\"><font size=\"3\"><b>Campo\n\nA: velocidade 3 km\/h<\/b><\/font><\/font><\/font>\n\n\n\n<p align=\"justify\">\n<font color=\"#000000\"><font face=\"Arial, serif\"><font size=\"3\"><b>CET\n\n= ((3.000m\/h)*(3,6m)*(0,8)*(7000 kg\/ha))  = 6.048 kg\/ha<\/b><\/font><\/font><\/font>\n\n\n\n<p align=\"justify\">\n<font color=\"#000000\">                                 <font face=\"Arial, serif\"><font size=\"3\"><b>10.000m<\/b><\/font><\/font><\/font><font color=\"#000000\"><sup><font face=\"Arial, serif\"><font size=\"3\"><b>2<\/b><\/font><\/font><\/sup><\/font>\n\n\n\n<p align=\"justify\">\n\n\n<p align=\"justify\">\n<font color=\"#000000\"><font face=\"Arial, serif\"><font size=\"3\"><b>Campo\n\nB: Velocidade 5 km\/h<\/b><\/font><\/font><\/font>\n\n\n\n<p align=\"justify\">\n<font color=\"#000000\"><font face=\"Arial, serif\"><font size=\"3\"><b>CET\n\n= ((5.000m\/h)*(3,6m)*(0,8)*(3000 kg\/ha)) = 4.320 kg\/ha<\/b><\/font><\/font><\/font>\n\n\n\n<p align=\"justify\">\n<font color=\"#000000\">                                 <font face=\"Arial, serif\"><font size=\"3\"><b>10.000m<\/b><\/font><\/font><\/font><font color=\"#000000\"><sup><font face=\"Arial, serif\"><font size=\"3\"><b>2<\/b><\/font><\/font><\/sup><\/font>\n\n\n\n<p align=\"justify\">\n\n\n<p align=\"justify\">\n<font color=\"#000000\"><font face=\"Arial, serif\"><font size=\"3\">Para\n\nestimar esta velocidade, com colhedoras que n\u00e3o possuem medidores de\n\nvelocidade (veloc\u00edmetro), procede-se da seguinte maneira:<\/font><\/font><\/font>\n\n\n\n<p align=\"justify\">\n<font color=\"#000000\"><font face=\"Arial, serif\"><font size=\"3\">Conta-se\n\no n\u00famero de passos largos (cerca de 90 cm\/passo) tomados em 20\n\nsegundos, caminhando na mesma velocidade e ao lado da colhedora;<\/font><\/font><\/font>\n\n\n\n<p align=\"justify\">\n<font color=\"#000000\"><font face=\"Arial, serif\"><font size=\"3\">Multiplica-se\n\neste n\u00famero de passos por um fator 0,16 para obter a velocidade em\n\nkm\/h.<\/font><\/font><\/font>\n\n\n\n<p align=\"justify\">\n<font color=\"#000000\"><font face=\"Arial, serif\"><font size=\"3\"><i><b>Velocidade\n\nda colhedora, km\/h = n\u00ba de passos\/20 segundos x 0,16<\/b><\/i><\/font><\/font><\/font>\n\n\n\n<p align=\"justify\">--><\/span><\/span><\/span><\/p>\n<h2>4. ATEN\u00c7\u00c3O \u00c0 REGULAGEM E MANUTEN\u00c7\u00c3O DE M\u00c1QUINAS<\/h2>\n<p><span style=\"color: #000000;\"><span style=\"font-family: Arial, serif;\"><span style=\"font-size: medium;\">A regulagem incorreta das colhedoras resulta em expressiva perda na colheita, principalmente nos sistemas de corte e alimenta\u00e7\u00e3o da m\u00e1quina. <\/span><\/span><\/span><\/p>\n<p><span style=\"color: #000000;\"><span style=\"font-family: Arial, serif;\"><span style=\"font-size: medium;\">S\u00e3o diversos os fatores e solu\u00e7\u00f5es para perdas relacionadas a regulagem e manuten\u00e7\u00e3o da colhedora. Portanto, o trabalho preventivo e peri\u00f3dico das mesmas assegura que se mantenham funcionando adequadamente. <\/span><\/span><\/span><\/p>\n<p style=\"text-align: center;\"><span style=\"color: #000000;\"><span style=\"font-family: Arial, serif;\"><span style=\"font-size: medium;\"><b>Fique atento para os fatores e suas regulagens!<\/b><\/span><\/span><\/span><\/p>\n<ul>\n<li><span style=\"font-family: Arial, serif;\"><span style=\"font-size: medium;\"><b>Velocidade e posi\u00e7\u00e3o do molinete<\/b><\/span><\/span><span style=\"font-family: Arial, serif;\"><span style=\"font-size: medium;\">, em rela\u00e7\u00e3o a velocidade da m\u00e1quina &#8211; <\/span><\/span><span style=\"font-family: Arial, serif;\"><span style=\"font-size: medium;\">a velocidade do molinete deve ser um pouco superior (15 a 20%) \u00e0 de deslocamento da colhedora pela lavoura.<\/span><\/span><\/li>\n<\/ul>\n<p><span style=\"font-family: Arial, serif;\"><span style=\"font-size: medium;\"> Para ajustar a velocidade ideal do molinete de 1 a 1,2 metros de di\u00e2metro, fa\u00e7a uma marca na ponta do mesmo em rela\u00e7\u00e3o ao seu eixo e regule a sua velocidade para: cerca de 9,5 voltas em 20 segundos, se a velocidade da colhedora for de at\u00e9 5 km\/hora; e de no m\u00e1ximo 12,5 voltas em 20 segundos, se a velocidade da colhedora for de 6 km\/h. <\/span><\/span><\/p>\n<p><span style=\"font-family: Arial, serif;\"><span style=\"font-size: medium;\">Para molinetes de 90 cm de di\u00e2metro, ajuste a velocidade do mesmo para: cerca de 10,5 voltas em 20 segundos se a velocidade da colhedora for de at\u00e9 5 km\/hora; e de no m\u00e1ximo at\u00e9 15 voltas em 20 segundos se a velocidade da colhedora for de 6 km\/hora.<\/span><\/span><\/p>\n<p><span style=\"font-family: Arial, serif;\"><span style=\"font-size: medium;\">A proje\u00e7\u00e3o do eixo do molinete deve ficar de 15 a 30 cm \u00e0 frente da barra de corte e a altura deve permitir que os travess\u00f5es com os pentes toquem no ter\u00e7o superior das plantas.<\/span><\/span><\/p>\n<ul>\n<li><span style=\"font-family: Arial, serif;\"><span style=\"font-size: medium;\"><b>Rota\u00e7\u00e3o do cilindro trilhador &#8211; <\/b><\/span><\/span><span style=\"font-family: Arial, serif;\"><span style=\"font-size: medium;\">\u00e9 regulada conforme o teor de umidade dos gr\u00e3os. <\/span><\/span><\/li>\n<\/ul>\n<p><span style=\"font-family: Arial, serif;\"><span style=\"font-size: medium;\">Regule a abertura entre o cilindro de trilha\/debulha e o c\u00f4ncavo. Para o milho (cilindro de barras), esta regulagem \u00e9 feita de acordo com o di\u00e2metro m\u00e9dio das espigas, para que o gr\u00e3o seja debulhado sem ser quebrado e o sabugo saia inteiro ou quebrado em grandes peda\u00e7os (FIGURA 3).<\/span><\/span><\/p>\n<p><img decoding=\"async\" class=\"aligncenter wp-image-1423 size-full\" src=\"https:\/\/blog.agrointeli.com.br\/blog\/wp-content\/uploads\/2019\/12\/Figura-3-2.png\" alt=\"\" width=\"458\" height=\"317\" srcset=\"https:\/\/blog.agrointeli.com.br\/blog\/wp-content\/uploads\/2019\/12\/Figura-3-2.png 458w, https:\/\/blog.agrointeli.com.br\/blog\/wp-content\/uploads\/2019\/12\/Figura-3-2-300x208.png 300w\" sizes=\"(max-width: 458px) 100vw, 458px\" \/><\/p>\n<p><span style=\"font-family: Arial, serif;\"><span style=\"font-size: medium;\">Quando colhido mais \u00famido, o gr\u00e3o \u00e9 menos duro, mais male\u00e1vel e mais dif\u00edcil de ser debulhado. Portanto, exige maior rota\u00e7\u00e3o do cilindro para ser debulhado e, ao perder umidade, fica mais quebradi\u00e7o, havendo necessidade de diminuir a rota\u00e7\u00e3o (faixa recomendada: 400 a 700 rpm). <\/span><\/span><\/p>\n<p><span style=\"font-family: Arial, serif;\"><span style=\"font-size: medium;\">Mantenha limpa a grelha do c\u00f4ncavo, verifique paralelismo entre cilindro e c\u00f4ncavo; e instale chapas de cobrimento do cilindro.<\/span><\/span><\/p>\n<ul>\n<li><span style=\"font-family: Arial, serif;\"><span style=\"font-size: medium;\"><b>Regulagem do rolo espigador, das peneiras e do ventilador- <\/b><\/span><\/span><span style=\"font-family: Arial, serif;\"><span style=\"font-size: medium;\">perdas de gr\u00e3os soltos s\u00e3o ocasionadas pelo rolo espigador e de separa\u00e7\u00e3o, e est\u00e3o relacionadas \u00e0 regulagem da m\u00e1quina. <\/span><\/span><\/li>\n<\/ul>\n<p><span style=\"font-family: Arial, serif;\"><span style=\"font-size: medium;\">O rolo espigador recebe, geralmente, no final da linha, um fluxo menor de plantas e, com isso, debulha pouco a espiga. <\/span><\/span><\/p>\n<p><span style=\"font-family: Arial, serif;\"><span style=\"font-size: medium;\">Nesse caso a chapa de bloqueio pode estar um pouco aberta, e\/ou com espigas menores que o padr\u00e3o entrando em contato com o rolo espigador. <\/span><\/span><\/p>\n<p><span style=\"font-family: Arial, serif;\"><span style=\"font-size: medium;\">As perdas por separa\u00e7\u00e3o s\u00e3o ocasionadas quando ocorre sobrecarga no saca-palha, quando as peneiras superiores ou inferiores est\u00e3o um pouco fechadas, quando o ventilador est\u00e1 com rota\u00e7\u00e3o excessiva ou quando h\u00e1 sujeira nas peneiras.<\/span><\/span><\/p>\n<h2>5. ACOMPANHE AS CONDI\u00c7\u00d5ES METEOROL\u00d3GICAS DURANTE A COLHEITA DO MILHO<\/h2>\n<p><span style=\"font-family: Arial, serif;\"><span style=\"font-size: medium;\">Se chover n\u00e3o se deve colher, pois o desempenho das m\u00e1quinas ficar\u00e1 comprometido al\u00e9m do aumento excessivo da umidade dos gr\u00e3os.<\/span><\/span><\/p>\n<p><span style=\"font-family: Arial, serif;\"><span style=\"font-size: medium;\">O n\u00e3o acompanhamento das condi\u00e7\u00f5es clim\u00e1ticas pode gerar uma enorme dor de cabe\u00e7a n\u00e3o s\u00f3 pelo preju\u00edzo do atraso da execu\u00e7\u00e3o da colheita bem como pela necessidade de nova programa\u00e7\u00e3o, com maquin\u00e1rios e colaboradores por exemplo.<\/span><\/span><\/p>\n<p><span style=\"font-family: Arial, serif;\"><span style=\"font-size: medium;\">Certamente voc\u00ea n\u00e3o ficar\u00e1 mais a merc\u00ea do inesperado, pois a <\/span><\/span><a href=\"http:\/\/lp.agrointeli.com.br\/LP\/?utm_source=blog&amp;utm_medium=banner\"><span style=\"font-family: Arial, serif;\"><span style=\"font-size: medium;\">Agrointeli<\/span><\/span><\/a> <span style=\"font-family: Arial, serif;\"><span style=\"font-size: medium;\">oferece todo suporte de an\u00e1lise meteorol\u00f3gica para aumentar a precis\u00e3o da opera\u00e7\u00e3o. <\/span><\/span><\/p>\n<p><span style=\"font-family: Arial, serif;\"><span style=\"font-size: medium;\">Com os mapas de chuva a um toque dos seus dedos,<\/span><\/span><span style=\"font-family: Arial, serif;\"><span style=\"font-size: medium;\"> saber\u00e1 quanto choveu e chove em cada parte de sua fazenda, pois a plataforma se integra a diversas esta\u00e7\u00f5es meteorol\u00f3gicas que j\u00e1 est\u00e3o no mercado e, o que lhe permitir\u00e1 planejar atividades futuras e entender melhor os resultados atingidos.<\/span><\/span><\/p>\n<p><img decoding=\"async\" class=\"aligncenter\" src=\"https:\/\/media.giphy.com\/media\/WryqIHUEzoRwWz79M4\/giphy.gif\" alt=\"\" width=\"480\" height=\"219\" \/><\/p>\n<h2>CONCLUS\u00c3O<\/h2>\n<p><span style=\"font-family: Arial, serif;\"><span style=\"font-size: medium;\">N\u00e3o se esque\u00e7a do capital humano, pois treinar adequadamente e reconhecer seu colaborador fara grande diferen\u00e7a em todo o sistema. <\/span><\/span><\/p>\n<p><span style=\"font-family: Arial, serif;\"><span style=\"font-size: medium;\">Planejamento seguido de monitoramento e execu\u00e7\u00e3o ir\u00e1 conferir a voc\u00ea o sucesso do seu empreendimento. <\/span><\/span><\/p>\n<p><span style=\"font-family: Arial, serif;\"><span style=\"font-size: medium;\">De posse de todas essas informa\u00e7\u00f5es e certa do bom uso das mesmas s\u00f3 me resta parabenizar-lhe por uma \u00f3tima colheita.<\/span><\/span><\/p>\n<p><b>Deseja saber mais sobre como a Agrointeli pode lhe ajudar a gerir de maneira eficaz sua produ\u00e7\u00e3o?<\/b><\/p>\n<p><span style=\"font-weight: 400;\">Clique no banner abaixo:<\/span><\/p>\n<p><a href=\"https:\/\/materiais.agrointeli.com.br\/demonstracao-lp?utm_source=Blog&amp;utm_medium=Banner&amp;utm_campaign=BB\" target=\"_blank\" rel=\"http:\/\/lp.agrointeli.com.br\/LP\/?utm_source=blog&amp;utm_medium=banner noopener noreferrer\"><img decoding=\"async\" class=\"alignnone size-full wp-image-6448\" src=\"https:\/\/blog.agrointeli.com.br\/blog\/wp-content\/uploads\/2022\/07\/banner-BLOG-6k-x-1k-px-2.png\" alt=\"agrointeli\" width=\"4000\" height=\"1000\" srcset=\"https:\/\/blog.agrointeli.com.br\/blog\/wp-content\/uploads\/2022\/07\/banner-BLOG-6k-x-1k-px-2.png 4000w, https:\/\/blog.agrointeli.com.br\/blog\/wp-content\/uploads\/2022\/07\/banner-BLOG-6k-x-1k-px-2-500x125.png 500w, https:\/\/blog.agrointeli.com.br\/blog\/wp-content\/uploads\/2022\/07\/banner-BLOG-6k-x-1k-px-2-2000x500.png 2000w, https:\/\/blog.agrointeli.com.br\/blog\/wp-content\/uploads\/2022\/07\/banner-BLOG-6k-x-1k-px-2-768x192.png 768w, https:\/\/blog.agrointeli.com.br\/blog\/wp-content\/uploads\/2022\/07\/banner-BLOG-6k-x-1k-px-2-1536x384.png 1536w, https:\/\/blog.agrointeli.com.br\/blog\/wp-content\/uploads\/2022\/07\/banner-BLOG-6k-x-1k-px-2-2048x512.png 2048w, https:\/\/blog.agrointeli.com.br\/blog\/wp-content\/uploads\/2022\/07\/banner-BLOG-6k-x-1k-px-2-610x153.png 610w, https:\/\/blog.agrointeli.com.br\/blog\/wp-content\/uploads\/2022\/07\/banner-BLOG-6k-x-1k-px-2-750x188.png 750w, https:\/\/blog.agrointeli.com.br\/blog\/wp-content\/uploads\/2022\/07\/banner-BLOG-6k-x-1k-px-2-1140x285.png 1140w\" sizes=\"(max-width: 4000px) 100vw, 4000px\" \/><\/a><\/p>\n<pre><span style=\"color: #ffffff;\">colheita do milho, colheita do milho, colheita do milho, colheita do milho, colheita do milho, colheita do milho<\/span><\/pre>\n","protected":false},"excerpt":{"rendered":"<p>colheita do milho Sabemos que voc\u00ea fez toda a li\u00e7\u00e3o at\u00e9 agora, afinal de contas escolheu a semente de boa qualidade, fez a corre\u00e7\u00e3o necess\u00e1ria do solo e acompanhou com cuidado todo o manejo posterior. Estamos pr\u00f3ximos de uma etapa n\u00e3o menos importante, a colheita do milho, e n\u00e3o iremos literalmente perder todo esse trabalho, [&hellip;]<\/p>\n","protected":false},"author":13,"featured_media":3070,"comment_status":"open","ping_status":"open","sticky":false,"template":"","format":"standard","meta":{"_coblocks_attr":"","_coblocks_dimensions":"","_coblocks_responsive_height":"","_coblocks_accordion_ie_support":"","_mi_skip_tracking":false,"spay_email":""},"categories":[39,51,20],"tags":[],"jetpack_featured_media_url":"https:\/\/blog.agrointeli.com.br\/blog\/wp-content\/uploads\/2019\/12\/maxresdefault-5.jpg","_links":{"self":[{"href":"https:\/\/blog.agrointeli.com.br\/blog\/wp-json\/wp\/v2\/posts\/1604"}],"collection":[{"href":"https:\/\/blog.agrointeli.com.br\/blog\/wp-json\/wp\/v2\/posts"}],"about":[{"href":"https:\/\/blog.agrointeli.com.br\/blog\/wp-json\/wp\/v2\/types\/post"}],"author":[{"embeddable":true,"href":"https:\/\/blog.agrointeli.com.br\/blog\/wp-json\/wp\/v2\/users\/13"}],"replies":[{"embeddable":true,"href":"https:\/\/blog.agrointeli.com.br\/blog\/wp-json\/wp\/v2\/comments?post=1604"}],"version-history":[{"count":5,"href":"https:\/\/blog.agrointeli.com.br\/blog\/wp-json\/wp\/v2\/posts\/1604\/revisions"}],"predecessor-version":[{"id":6771,"href":"https:\/\/blog.agrointeli.com.br\/blog\/wp-json\/wp\/v2\/posts\/1604\/revisions\/6771"}],"wp:featuredmedia":[{"embeddable":true,"href":"https:\/\/blog.agrointeli.com.br\/blog\/wp-json\/wp\/v2\/media\/3070"}],"wp:attachment":[{"href":"https:\/\/blog.agrointeli.com.br\/blog\/wp-json\/wp\/v2\/media?parent=1604"}],"wp:term":[{"taxonomy":"category","embeddable":true,"href":"https:\/\/blog.agrointeli.com.br\/blog\/wp-json\/wp\/v2\/categories?post=1604"},{"taxonomy":"post_tag","embeddable":true,"href":"https:\/\/blog.agrointeli.com.br\/blog\/wp-json\/wp\/v2\/tags?post=1604"}],"curies":[{"name":"wp","href":"https:\/\/api.w.org\/{rel}","templated":true}]}}