{"id":1519,"date":"2019-12-09T17:04:29","date_gmt":"2019-12-09T20:04:29","guid":{"rendered":"http:\/\/www.agriculturadofuturo.com.br\/blog\/?p=1519"},"modified":"2022-10-10T16:33:22","modified_gmt":"2022-10-10T20:33:22","slug":"planejamento-de-safra-5plantio-da-soja","status":"publish","type":"post","link":"https:\/\/blog.agrointeli.com.br\/blog\/planejamento-de-safra-5plantio-da-soja\/","title":{"rendered":"Planejamento de Safra: 5 Fatores para garantir o sucesso no plantio da soja na safra 21\/22"},"content":{"rendered":"<p>Ol\u00e1 amigo produtor, mal sa\u00edmos do cultivo do milho e j\u00e1 nos preparamos para a pr\u00f3xima lavoura, correto?\u00a0 \u00c9 o momento do planejamento de safra, o plantio da soja se aproxima e \u00e9 hora de se atentar para cada detalhe a fim de garantir o sucesso dessa empreita.<\/p>\n<p>Tal etapa exige cuidado de planejamento, pois est\u00e1 relacionada ao destino de um processo que durar\u00e1 cerca de 130 dias e que pode afetar em todas as opera\u00e7\u00f5es seguintes.<\/p>\n<p>S\u00e3o v\u00e1rios os fatores que determinam se uma lavoura de soja vai apresentar alta produtividade de gr\u00e3os ou n\u00e3o. Dentre esses vamos elencar os principais e os respectivos cuidados a serem tomados um a um:<\/p>\n<div id=\"fufu-blog-5-fatotes-para-garantir-o-sucesso-no-plantio-da-soja-6820d75bf35364fc1fa3\" role=\"main\"><\/div>\n<p><script type=\"text\/javascript\" src=\"https:\/\/d335luupugsy2.cloudfront.net\/js\/rdstation-forms\/stable\/rdstation-forms.min.js\"><\/script> <script type=\"text\/javascript\"> new RDStationForms('fufu-blog-5-fatotes-para-garantir-o-sucesso-no-plantio-da-soja-6820d75bf35364fc1fa3', 'UA-160168076-1').createForm();<\/script><\/p>\n<h1><strong>FATORES CLIM\u00c1TICOS<\/strong><\/h1>\n<p>Sem d\u00favidas na maioria dos casos os fatores clim\u00e1ticos s\u00e3o decisivos para qualquer lavoura, isso sem diminuir os demais.<\/p>\n<p>O plantio da soja est\u00e1 liberado para acontecer a partir da segunda quinzena de setembro nos principais estados produtores do Brasil, dentre eles Mato Grosso, Mato Grosso do Sul, Paran\u00e1 e Santa Catarina, quando termina o vazio sanit\u00e1rio.<\/p>\n<p>Outros Estados como Tocantins, Bahia e Goi\u00e1s realizam a semeadura a partir de outubro.<\/p>\n<p>Segundo o Inmet, por uma anomalia de precipita\u00e7\u00e3o a previs\u00e3o para o inverno indica alta probabilidade das chuvas ocorrerem dentro a ligeiramente abaixo da m\u00e9dia climatol\u00f3gica em grande parte da regi\u00e3o (FIGURA 1a), acompanhado de temperaturas acima da m\u00e9dia (FIGURA 1b), devido a perman\u00eancia de massas de ar seco e quente, principalmente nos meses de agosto e setembro, favorecendo a ocorr\u00eancia de queimadas e inc\u00eandios florestais.<\/p>\n<h4 style=\"text-align: center;\"><img decoding=\"async\" class=\"aligncenter wp-image-2479 size-full\" src=\"https:\/\/blog.agrointeli.com.br\/blog\/wp-content\/uploads\/2019\/12\/5-FATORES-PARA-GARANTIR-O-SUCESSO-NO-PLANTIO-DA-SOJA-1.png\" alt=\"\" width=\"624\" height=\"326\" \/><img decoding=\"async\" class=\"wp-image-4015 alignnone size-medium\" src=\"https:\/\/blog.agrointeli.com.br\/blog\/wp-content\/uploads\/2019\/12\/Imagem-1-500x262.png\" alt=\"\" width=\"500\" height=\"262\" srcset=\"https:\/\/blog.agrointeli.com.br\/blog\/wp-content\/uploads\/2019\/12\/Imagem-1-500x262.png 500w, https:\/\/blog.agrointeli.com.br\/blog\/wp-content\/uploads\/2019\/12\/Imagem-1-610x319.png 610w, https:\/\/blog.agrointeli.com.br\/blog\/wp-content\/uploads\/2019\/12\/Imagem-1-480x251.png 480w, https:\/\/blog.agrointeli.com.br\/blog\/wp-content\/uploads\/2019\/12\/Imagem-1.png 737w\" sizes=\"(max-width: 500px) 100vw, 500px\" \/><\/h4>\n<p style=\"text-align: center;\">FIGURA 1: previs\u00e3o de anomalias de precipita\u00e7\u00e3o (a) e temperatura m\u00e9dia do ar (b) do modelo estat\u00edstico do INMET para o trimestre julho, agosto e setembro de 2019.<\/p>\n<p>A soja: se adapta bem em temperaturas entre 20\u202f\u00b0C e 30\u202f\u00b0C. A semente precisa absorver metade do seu peso em \u00e1gua, o que \u00e9 mais f\u00e1cil de ocorrer em torno de 30\u202f\u00b0C.<\/p>\n<p>Portanto caro amigo conforme as previs\u00f5es e necessidade da cultura \u00e9 preciso se atentar para esse fator e a AGROINTELI possui ferramentas espec\u00edficas que muito lhe ajudar\u00e3o nesse controle por meio da agricultura de precis\u00e3o como vimos em outro post.<\/p>\n<p>A Agrointeli te mostra os mapas de chuvas em tempo real da sua propriedade. Com isso, voc\u00ea consegue se planejar nas entradas de maquin\u00e1rio no plantio.<\/p>\n<h1><strong>PREPARO DO SOLO <\/strong><\/h1>\n<p>S\u00e3o considerados os mais adequados \u00e0 cultura, aqueles de declive suave, profundos, textura m\u00e9dia e teor de argila entre 15 e 35%.<\/p>\n<h4>\u00c9 indispens\u00e1vel ao sistema radicular ainda que possua boa estrutura, com drenagem adequada, boa capacidade de reten\u00e7\u00e3o de \u00e1gua e de nutrientes e, friabilidade.<\/h4>\n<h4 style=\"text-align: center;\"><img decoding=\"async\" class=\"aligncenter wp-image-2480 size-full\" src=\"https:\/\/blog.agrointeli.com.br\/blog\/wp-content\/uploads\/2019\/12\/5-FATORES-PARA-GARANTIR-O-SUCESSO-NO-PLANTIO-DA-SOJA-2.png\" alt=\"\" width=\"498\" height=\"320\" \/><\/h4>\n<figure id=\"attachment_4018\" aria-describedby=\"caption-attachment-4018\" style=\"width: 500px\" class=\"wp-caption aligncenter\"><img decoding=\"async\" class=\"wp-image-4018 size-medium\" src=\"https:\/\/blog.agrointeli.com.br\/blog\/wp-content\/uploads\/2019\/12\/plantio_direto-500x269.jpg\" alt=\"Planejamento de Safra\" width=\"500\" height=\"269\" srcset=\"https:\/\/blog.agrointeli.com.br\/blog\/wp-content\/uploads\/2019\/12\/plantio_direto-500x269.jpg 500w, https:\/\/blog.agrointeli.com.br\/blog\/wp-content\/uploads\/2019\/12\/plantio_direto-768x414.jpg 768w, https:\/\/blog.agrointeli.com.br\/blog\/wp-content\/uploads\/2019\/12\/plantio_direto-610x329.jpg 610w, https:\/\/blog.agrointeli.com.br\/blog\/wp-content\/uploads\/2019\/12\/plantio_direto-480x259.jpg 480w, https:\/\/blog.agrointeli.com.br\/blog\/wp-content\/uploads\/2019\/12\/plantio_direto-750x404.jpg 750w, https:\/\/blog.agrointeli.com.br\/blog\/wp-content\/uploads\/2019\/12\/plantio_direto.jpg 960w\" sizes=\"(max-width: 500px) 100vw, 500px\" \/><figcaption id=\"caption-attachment-4018\" class=\"wp-caption-text\">FIGURA 2: Preparo do solo para plantio de soja- Fonte : <a href=\"https:\/\/rijeza.com.br\/blog\/plantio-direto-podemos-ajudar\/\" target=\"_blank\" rel=\"noopener\">Rijeza<\/a><\/figcaption><\/figure>\n<h4 style=\"text-align: center;\"><\/h4>\n<p>O Sistema de Plantio Direto (SPD) revolucionou as lavouras de soja nas \u00faltimas safras. Esse sistema consiste em depositar sementes, plantas ou partes de plantas no solo, na aus\u00eancia de sua mobiliza\u00e7\u00e3o intensa com ara\u00e7\u00e3o, escarifica\u00e7\u00e3o e\/ou gradagem, e manuten\u00e7\u00e3o dos res\u00edduos culturais na superf\u00edcie do solo.<\/p>\n<p>Associado a novas tecnologias, o SPD aposentou os arados e abriu caminho para expans\u00e3o das lavouras e consecutivos recordes de produtividade, especialmente na soja. Atualmente, predomina em 80% dos 36 milh\u00f5es de hectares dedicados \u00e0 produ\u00e7\u00e3o de gr\u00e3os.&#8221;<\/p>\n<p style=\"text-align: center;\"><img decoding=\"async\" class=\"aligncenter wp-image-2481 size-full\" src=\"https:\/\/blog.agrointeli.com.br\/blog\/wp-content\/uploads\/2019\/12\/5-FATORES-PARA-GARANTIR-O-SUCESSO-NO-PLANTIO-DA-SOJA-3.png\" alt=\"\" width=\"635\" height=\"475\" \/><img decoding=\"async\" class=\"wp-image-4021 alignnone size-medium\" src=\"https:\/\/blog.agrointeli.com.br\/blog\/wp-content\/uploads\/2019\/12\/04102017025734-500x375.jpg\" alt=\"\" width=\"500\" height=\"375\" srcset=\"https:\/\/blog.agrointeli.com.br\/blog\/wp-content\/uploads\/2019\/12\/04102017025734-500x375.jpg 500w, https:\/\/blog.agrointeli.com.br\/blog\/wp-content\/uploads\/2019\/12\/04102017025734-510x382.jpg 510w, https:\/\/blog.agrointeli.com.br\/blog\/wp-content\/uploads\/2019\/12\/04102017025734-480x360.jpg 480w, https:\/\/blog.agrointeli.com.br\/blog\/wp-content\/uploads\/2019\/12\/04102017025734.jpg 533w\" sizes=\"(max-width: 500px) 100vw, 500px\" \/><br \/>\nFIGURA 3: Sistema de plantio direto em soja \/ Fonte: <a href=\"https:\/\/sistemafamato.org.br\/portal\/senar\/noticia_completa.php?codNoticia=237760\" target=\"_blank\" rel=\"noopener\">SENARMT<\/a><\/p>\n<p>Em estudos da Embrapa Soja com plantio direto a produtividade da soja, em m\u00e9dia, numa \u00e1rea de plantio direto pode ser at\u00e9 27% maior do que numa lavoura convencional. O sistema diminui ainda os custos de produ\u00e7\u00e3o, pois com menos revolvimento do solo, reduz n\u00famero de tratores, gastos com combust\u00edvel e funcion\u00e1rios.<\/p>\n<p>Em paralelo ao SPD temos ainda o sistema de cultivo convencional. O solo para plantar soja deve ser rico em nutrientes e n\u00e3o ser seco. No cultivo convencional \u00e9 preciso retirar os resqu\u00edcios das planta\u00e7\u00f5es anteriores, pois eles podem atrapalhar o desenvolvimento dos p\u00e9s de soja.<\/p>\n<p>O preparo prim\u00e1rio do solo (ara\u00e7\u00e3o e escarifica\u00e7\u00e3o) deve atingir profundidade suficiente para romper a camada superficial compactada e permitir a infiltra\u00e7\u00e3o de \u00e1gua. O preparo secund\u00e1rio do solo (gradagens niveladoras), se necess\u00e1rio, deve ser feito com o m\u00ednimo de opera\u00e7\u00f5es e pr\u00f3ximo da \u00e9poca de semeadura.<\/p>\n<p>Deve-se, portanto considerar manejo, implemento, profundidade de trabalho, umidade e condi\u00e7\u00f5es de fertilidade adequados.<\/p>\n<p>Quando o preparo \u00e9 efetuado com o solo muito \u00famido, pode haver forma\u00e7\u00e3o de camada subsuperficial compactada al\u00e9m de haver possibilidade do solo aderir, com maior for\u00e7a, aos implementos (em solos argilosos) at\u00e9 o ponto de impossibilitar a opera\u00e7\u00e3o desejada.<\/p>\n<p>Se realizado quando muito seco ser\u00e1 necess\u00e1rio maior n\u00famero de gradagens para obter suficiente destorroamento que permita efetuar a opera\u00e7\u00e3o de semeadura. Caso seja imprescind\u00edvel o preparo com o solo seco, realizar as gradagens ap\u00f3s uma chuva.<\/p>\n<h1><strong>ESCOLHA DA CULTIVAR<\/strong><\/h1>\n<p>H\u00e1 no mercado diversas cultivares de soja dispon\u00edveis para as diferentes regi\u00f5es a partir das suas exig\u00eancia de solo e clima. Al\u00e9m da produtividade tais cultivares podem apresentar resist\u00eancia a insetos-praga, doen\u00e7as, nematoides ou toler\u00e2ncia \u00e0 seca e geada por exemplo.<\/p>\n<p>AO ESCOLHER N\u00c3O DEIXE DE:<\/p>\n<p>\u2022 Verificar se a cultivar tem adapta\u00e7\u00e3o \u00e0 sua regi\u00e3o. O Minist\u00e9rio da Agricultura lan\u00e7a anualmente portaria com a lista de cultivares indicadas por cultura e Estado como no exemplo;<\/p>\n<p>\u2022 Optar pelas cultivares de ciclo precoce caso tenha interesse em produzir o milho safrinha;<br \/>\nAs cultivares s\u00e3o classificadas h\u00e1 muito tempo por seu ciclo, de tardio a superprecoce. No entanto uma nova nomenclatura tem ganhado espa\u00e7o: a classifica\u00e7\u00e3o por grupo de matura\u00e7\u00e3o, pois permite o refinamento na caracteriza\u00e7\u00e3o do material por permitir uma precis\u00e3o maior na maturidade.<\/p>\n<p style=\"text-align: center;\"><img decoding=\"async\" class=\"aligncenter wp-image-2482 size-full\" src=\"https:\/\/blog.agrointeli.com.br\/blog\/wp-content\/uploads\/2019\/12\/5-FATORES-PARA-GARANTIR-O-SUCESSO-NO-PLANTIO-DA-SOJA-4.png\" alt=\"\" width=\"573\" height=\"393\" \/><img decoding=\"async\" class=\"wp-image-4024 alignnone size-medium\" src=\"https:\/\/blog.agrointeli.com.br\/blog\/wp-content\/uploads\/2019\/12\/imagem-4-500x344.png\" alt=\"\" width=\"500\" height=\"344\" srcset=\"https:\/\/blog.agrointeli.com.br\/blog\/wp-content\/uploads\/2019\/12\/imagem-4-500x344.png 500w, https:\/\/blog.agrointeli.com.br\/blog\/wp-content\/uploads\/2019\/12\/imagem-4-610x420.png 610w, https:\/\/blog.agrointeli.com.br\/blog\/wp-content\/uploads\/2019\/12\/imagem-4-480x330.png 480w, https:\/\/blog.agrointeli.com.br\/blog\/wp-content\/uploads\/2019\/12\/imagem-4.png 676w\" sizes=\"(max-width: 500px) 100vw, 500px\" \/><br \/>\nFIGURA 4: Grupos de matura\u00e7\u00e3o de cultivares de soja no Brasil, em fun\u00e7\u00e3o da latitude.<\/p>\n<p>S\u00e3o grupos de matura\u00e7\u00e3o que variam conforme a latitude e s\u00e3o identificados por uma numera\u00e7\u00e3o assim dispostos:<br \/>\n\u2022 N\u00famero abaixo de 6.0: super-precoces<br \/>\n\u2022 N\u00famero entre: 6.0 a 6.5: precoces<br \/>\n\u2022 N\u00fameros pr\u00f3ximos de 7.0: ciclo normal<br \/>\n\u2022 N\u00famero pr\u00f3ximo ou igual a 10: tardias<\/p>\n<h1><strong>QUALIDADE DA SEMENTE E SEMEADURA<\/strong><\/h1>\n<p>\u00c9 a semente sem d\u00favida que leva ao agricultor todo o potencial gen\u00e9tico de um cultivar de caracter\u00edsticas superiores. Portanto escolher um fornecedor que garanta a entrega do m\u00e1ximo potencial gen\u00e9tico dispon\u00edvel \u00e9 primordial.<\/p>\n<p>O uso de semente de elevada qualidade (FIGURA 5) permite no campo maiores produtividades resultantes dos avan\u00e7os gen\u00e9ticos, com qualidade e tecnologias de adapta\u00e7\u00e3o nas diversas regi\u00f5es.<\/p>\n<p style=\"text-align: center;\"><img decoding=\"async\" class=\"aligncenter wp-image-2483 size-full\" src=\"https:\/\/blog.agrointeli.com.br\/blog\/wp-content\/uploads\/2019\/12\/5-FATORES-PARA-GARANTIR-O-SUCESSO-NO-PLANTIO-DA-SOJA-5.png\" alt=\"\" width=\"334\" height=\"225\" \/> <img decoding=\"async\" class=\"wp-image-4026 alignnone size-full\" src=\"https:\/\/blog.agrointeli.com.br\/blog\/wp-content\/uploads\/2019\/12\/imagem-5-1.png\" alt=\"\" width=\"393\" height=\"267\" \/><br \/>\nFIGURA 5: sementes de soja de alta qualidade \/ Fonte: <a href=\"https:\/\/docplayer.com.br\/45250394-Issn-novembro-tecnologia-da-producao-de-semente-de-soja-de-alta-qualidade.html\" target=\"_blank\" rel=\"noopener\">docplayer<\/a><\/p>\n<p>Sementes de alta qualidade resultam em pl\u00e2ntulas de alto desempenho, que geram plantas fortes, vigorosas, bem desenvolvidas e que se estabelecem em diferentes condi\u00e7\u00f5es edafoclim\u00e1ticas, com maior velocidade de emerg\u00eancia e de desenvolvimento da lavoura, culminando no fechamento das entrelinhas rapidamente, propiciando tamb\u00e9m um controle mais eficiente de ervas daninhas.<\/p>\n<p style=\"text-align: center;\"><img decoding=\"async\" class=\"aligncenter wp-image-2484 size-full\" src=\"https:\/\/blog.agrointeli.com.br\/blog\/wp-content\/uploads\/2019\/12\/5-FATORES-PARA-GARANTIR-O-SUCESSO-NO-PLANTIO-DA-SOJA-6.png\" alt=\"\" width=\"453\" height=\"316\" \/><img decoding=\"async\" class=\"wp-image-4029 alignnone size-medium\" src=\"https:\/\/blog.agrointeli.com.br\/blog\/wp-content\/uploads\/2019\/12\/imagem-6-500x350.png\" alt=\"\" width=\"500\" height=\"350\" srcset=\"https:\/\/blog.agrointeli.com.br\/blog\/wp-content\/uploads\/2019\/12\/imagem-6-500x350.png 500w, https:\/\/blog.agrointeli.com.br\/blog\/wp-content\/uploads\/2019\/12\/imagem-6-480x336.png 480w, https:\/\/blog.agrointeli.com.br\/blog\/wp-content\/uploads\/2019\/12\/imagem-6.png 535w\" sizes=\"(max-width: 500px) 100vw, 500px\" \/><br \/>\nFIGURA 6: Destaque de planta dominada em um estande de lavoura de soja, oriunda de semente de baixo vigor. \/ Fonte: Embrapa Soja<\/p>\n<p>Uma vez adquiridas a semente de boa qualidade deve ser garantida ainda uma semeadura eficaz. Para isso, as sementes de soja devem ser distribu\u00eddas uniformemente no plano horizontal, numa profundidade de 3 a 5 cm.<\/p>\n<p>Semeaduras em profundidades maiores dificultam a emerg\u00eancia, principalmente em solos arenosos, sujeitos a assoreamento, ou onde ocorre compacta\u00e7\u00e3o superficial do solo.<\/p>\n<p><iframe title=\"Dicas Mais Soja: Semente e semeadura\" width=\"800\" height=\"450\" src=\"https:\/\/www.youtube.com\/embed\/CFFvlGoaknI?feature=oembed&#038;enablejsapi=1&#038;origin=https:\/\/blog.agrointeli.com.br\" frameborder=\"0\" allow=\"accelerometer; autoplay; clipboard-write; encrypted-media; gyroscope; picture-in-picture\" allowfullscreen><\/iframe><\/p>\n<p>A velocidade ideal de plantio est\u00e1 entre 4 km\/h e 6 km\/h. Nesse intervalo, a varia\u00e7\u00e3o de velocidade depende, principalmente, da uniformidade da superf\u00edcie do terreno. Outros cuidados espec\u00edficos relativos a semeadora ser\u00e3o abordados num pr\u00f3ximo post, n\u00e3o deixe de conferir.<\/p>\n<h1><strong>\u00c9POCA DE SEMEADURA<\/strong><\/h1>\n<p><strong><br \/>\n<\/strong>A melhor \u00e9poca de semeadura para soja \u00e9 a que permite, na maioria dos anos, que a implanta\u00e7\u00e3o da lavoura, o crescimento e a reprodu\u00e7\u00e3o das plantas ocorram sob as condi\u00e7\u00f5es favor\u00e1veis de umidade e temperatura, conforme exigido por esta esp\u00e9cie.<\/p>\n<p>Conforme a EMBRAPA a Regi\u00e3o Centro-Oeste, Rond\u00f4nia, sul do Tocantins e oeste da Bahia. Tal qual na Regi\u00e3o Sul, de modo geral, o per\u00edodo preferencial para a semeadura de soja vai de meados de outubro e 10 de dezembro. Entretanto, \u00e9 no m\u00eas de novembro que se obt\u00e9m as maiores produtividades e altura de planta adequada.<\/p>\n<p>Em \u00e1reas bem fertilizadas e com alta tecnologia, pode-se conseguir boa produ\u00e7\u00e3o em semeaduras realizadas at\u00e9 20 de dezembro.<\/p>\n<p>No entanto, em vista dos danos mais severos da ferrugem nas lavouras semeadas mais tarde, a tend\u00eancia \u00e9 iniciar a semeadura o mais cedo poss\u00edvel que garanta altos rendimentos, recaindo, na maioria dos casos, em segunda quinzena de outubro e primeira de novembro.<\/p>\n<h4 style=\"text-align: center;\"><img decoding=\"async\" class=\"aligncenter wp-image-2485 size-full\" src=\"https:\/\/blog.agrointeli.com.br\/blog\/wp-content\/uploads\/2019\/12\/5-FATORES-PARA-GARANTIR-O-SUCESSO-NO-PLANTIO-DA-SOJA-7.png\" alt=\"\" width=\"645\" height=\"177\" \/><img decoding=\"async\" class=\"wp-image-4030 alignnone size-medium\" src=\"https:\/\/blog.agrointeli.com.br\/blog\/wp-content\/uploads\/2019\/12\/imagem-7-500x137.png\" alt=\"\" width=\"500\" height=\"137\" srcset=\"https:\/\/blog.agrointeli.com.br\/blog\/wp-content\/uploads\/2019\/12\/imagem-7-500x137.png 500w, https:\/\/blog.agrointeli.com.br\/blog\/wp-content\/uploads\/2019\/12\/imagem-7-610x168.png 610w, https:\/\/blog.agrointeli.com.br\/blog\/wp-content\/uploads\/2019\/12\/imagem-7-480x132.png 480w, https:\/\/blog.agrointeli.com.br\/blog\/wp-content\/uploads\/2019\/12\/imagem-7-750x206.png 750w, https:\/\/blog.agrointeli.com.br\/blog\/wp-content\/uploads\/2019\/12\/imagem-7.png 761w\" sizes=\"(max-width: 500px) 100vw, 500px\" \/><br \/>\nFIGURA 7: Calend\u00e1rio agr\u00edcola de plantio e colheita da soja por regi\u00e3o.<\/h4>\n<h1><strong>CONCLUS\u00c3O<\/strong><\/h1>\n<p>Existem in\u00fameras possibilidades de cultivares no mercado, e cada uma com caracter\u00edsticas espec\u00edficas para que apresentem seu melhor desempenho a campo.<\/p>\n<p>Entretanto do planejamento \u00e0 semeadura o acompanhamento adequado \u00e9 indispens\u00e1vel para que voc\u00ea atinja o sucesso. Deseja saber mais sobre como a Agrointeli pode lhe ajudar a gerir de maneira eficaz sua produ\u00e7\u00e3o?<br \/>\ne fa\u00e7a uma demonstra\u00e7\u00e3o gratuita.<\/p>\n<p>Gostou do nosso artigo? Compartilhe-o nas suas redes sociais, afinal de contas informa\u00e7\u00e3o \u00e9 poder e nesse caso, \u00e9 poder de decis\u00e3o. At\u00e9 o pr\u00f3ximo!<br \/>\nN\u00e3o deixe de se inscrever na nossa newsletter para receber as pr\u00f3ximas atualiza\u00e7\u00f5es.<\/p>\n<p><a href=\"https:\/\/materiais.agrointeli.com.br\/demonstracao-lp?utm_source=blog&amp;utm_medium=Banner&amp;utm_campaign=BB\"><img decoding=\"async\" class=\"alignnone size-full wp-image-6640\" src=\"https:\/\/blog.agrointeli.com.br\/blog\/wp-content\/uploads\/2020\/09\/banner-BLOG-6k-x-1k-px-11.png\" alt=\"agrointeli\" width=\"4000\" height=\"1000\" srcset=\"https:\/\/blog.agrointeli.com.br\/blog\/wp-content\/uploads\/2020\/09\/banner-BLOG-6k-x-1k-px-11.png 4000w, https:\/\/blog.agrointeli.com.br\/blog\/wp-content\/uploads\/2020\/09\/banner-BLOG-6k-x-1k-px-11-500x125.png 500w, https:\/\/blog.agrointeli.com.br\/blog\/wp-content\/uploads\/2020\/09\/banner-BLOG-6k-x-1k-px-11-2000x500.png 2000w, https:\/\/blog.agrointeli.com.br\/blog\/wp-content\/uploads\/2020\/09\/banner-BLOG-6k-x-1k-px-11-768x192.png 768w, https:\/\/blog.agrointeli.com.br\/blog\/wp-content\/uploads\/2020\/09\/banner-BLOG-6k-x-1k-px-11-1536x384.png 1536w, https:\/\/blog.agrointeli.com.br\/blog\/wp-content\/uploads\/2020\/09\/banner-BLOG-6k-x-1k-px-11-2048x512.png 2048w, https:\/\/blog.agrointeli.com.br\/blog\/wp-content\/uploads\/2020\/09\/banner-BLOG-6k-x-1k-px-11-610x153.png 610w, https:\/\/blog.agrointeli.com.br\/blog\/wp-content\/uploads\/2020\/09\/banner-BLOG-6k-x-1k-px-11-750x188.png 750w, https:\/\/blog.agrointeli.com.br\/blog\/wp-content\/uploads\/2020\/09\/banner-BLOG-6k-x-1k-px-11-1140x285.png 1140w\" sizes=\"(max-width: 4000px) 100vw, 4000px\" \/><\/a><\/p>\n","protected":false},"excerpt":{"rendered":"<p>Ol\u00e1 amigo produtor, mal sa\u00edmos do cultivo do milho e j\u00e1 nos preparamos para a pr\u00f3xima lavoura, correto?\u00a0 \u00c9 o momento do planejamento de safra, o plantio da soja se aproxima e \u00e9 hora de se atentar para cada detalhe a fim de garantir o sucesso dessa empreita. Tal etapa exige cuidado de planejamento, pois [&hellip;]<\/p>\n","protected":false},"author":14,"featured_media":1535,"comment_status":"open","ping_status":"open","sticky":false,"template":"","format":"standard","meta":{"_coblocks_attr":"","_coblocks_dimensions":"","_coblocks_responsive_height":"","_coblocks_accordion_ie_support":"","_mi_skip_tracking":false,"spay_email":""},"categories":[20],"tags":[],"jetpack_featured_media_url":"https:\/\/blog.agrointeli.com.br\/blog\/wp-content\/uploads\/2019\/12\/soja.jpg","_links":{"self":[{"href":"https:\/\/blog.agrointeli.com.br\/blog\/wp-json\/wp\/v2\/posts\/1519"}],"collection":[{"href":"https:\/\/blog.agrointeli.com.br\/blog\/wp-json\/wp\/v2\/posts"}],"about":[{"href":"https:\/\/blog.agrointeli.com.br\/blog\/wp-json\/wp\/v2\/types\/post"}],"author":[{"embeddable":true,"href":"https:\/\/blog.agrointeli.com.br\/blog\/wp-json\/wp\/v2\/users\/14"}],"replies":[{"embeddable":true,"href":"https:\/\/blog.agrointeli.com.br\/blog\/wp-json\/wp\/v2\/comments?post=1519"}],"version-history":[{"count":5,"href":"https:\/\/blog.agrointeli.com.br\/blog\/wp-json\/wp\/v2\/posts\/1519\/revisions"}],"predecessor-version":[{"id":6828,"href":"https:\/\/blog.agrointeli.com.br\/blog\/wp-json\/wp\/v2\/posts\/1519\/revisions\/6828"}],"wp:featuredmedia":[{"embeddable":true,"href":"https:\/\/blog.agrointeli.com.br\/blog\/wp-json\/wp\/v2\/media\/1535"}],"wp:attachment":[{"href":"https:\/\/blog.agrointeli.com.br\/blog\/wp-json\/wp\/v2\/media?parent=1519"}],"wp:term":[{"taxonomy":"category","embeddable":true,"href":"https:\/\/blog.agrointeli.com.br\/blog\/wp-json\/wp\/v2\/categories?post=1519"},{"taxonomy":"post_tag","embeddable":true,"href":"https:\/\/blog.agrointeli.com.br\/blog\/wp-json\/wp\/v2\/tags?post=1519"}],"curies":[{"name":"wp","href":"https:\/\/api.w.org\/{rel}","templated":true}]}}